{"id":91294,"date":"2025-05-11T07:45:10","date_gmt":"2025-05-11T07:45:10","guid":{"rendered":"https:\/\/www.europesays.com\/fr\/91294\/"},"modified":"2025-05-11T07:45:10","modified_gmt":"2025-05-11T07:45:10","slug":"le-11-mai-1945-les-dernieres-forces-allemandes-en-france-se-rendent-pres-de-saint-nazaire","status":"publish","type":"post","link":"https:\/\/www.europesays.com\/fr\/91294\/","title":{"rendered":"Le 11 mai 1945, les derni\u00e8res forces allemandes en France se rendent pr\u00e8s de Saint-Nazaire"},"content":{"rendered":"<p><strong>R\u00c9CIT &#8211;<\/strong> La reddition de l\u2019ultime forteresse nazie du mur de l\u2019Atlantique, trois jours apr\u00e8s la reddition du Haut commandement allemand, marque le point final de la France occup\u00e9e. 80 ans plus tard, ce dernier chapitre du conflit reste peu connu.<\/p>\n<p class=\"fig-paragraph\">L\u2019ultime bastion de<a href=\"https:\/\/www.lefigaro.fr\/histoire\/archives\/2015\/06\/12\/26010-20150612ARTFIG00340-il-y-a-75-ans-paris-vivait-les-premiers-jours-de-l-occupation-allemande.php\" target=\"_blank\" data-fig-type=\"Article\" rel=\"noopener\" data-gtm-custom-categorie=\"navigation\" data-gtm-custom-action=\"crossclick\" data-gtm-custom-label=\"Contextuel\" data-gtm-event=\"customEventSPE\" data-fig-domain=\"LEFIGARO\">\u00a0la France occup\u00e9e<\/a>\u00a0ne se trouvait pas sur le Rhin, mais face \u00e0 l\u2019oc\u00e9an, parmi les derni\u00e8res forteresses du mur de l\u2019Atlantique. Deux jours\u00a0<a href=\"http:\/\/www.lefigaro.fr\/vox\/histoire\/1945-ces-villes-francaises-qui-resteront-sous-la-botte-allemande-jusqu-a-la-capitulation-du-iiie-reich-20240607\" data-fig-type=\"Article\" data-gtm-custom-categorie=\"navigation\" data-gtm-custom-action=\"crossclick\" data-gtm-custom-label=\"Contextuel\" data-gtm-event=\"customEventSPE\" data-fig-domain=\"LEFIGARO\" target=\"_blank\" rel=\"noopener\">apr\u00e8s La Rochelle, un jour apr\u00e8s Lorient, la poche de Saint-Nazaire est lib\u00e9r\u00e9e<\/a>\u00a0le 11 mai 1945. Une photographie immortalise pour l\u2019histoire la reddition du commandant de cette derni\u00e8re citadelle nazie. \u00c0 la t\u00eate des forces allemandes depuis septembre 1944, le g\u00e9n\u00e9ral Hans Junck rencontre son homologue am\u00e9ricain Herman Kramer \u00e0 Bouvron, au milieu d\u2019une plaine \u00e9pargn\u00e9e par les obus. \u00c0 10 heures, le chef de guerre rend son pistolet et salue l\u2019ennemi victorieux. Avec lui, 28.000 soldats du Reich d\u00e9posent les armes. Onze mois apr\u00e8s le d\u00e9barquement du 6 juin,\u00a0<a href=\"https:\/\/www.lefigaro.fr\/histoire\/25-aout-1944-la-liberation-de-paris-le-plus-grand-jour-depuis-la-prise-de-la-bastille-20190822\" target=\"_blank\" data-fig-type=\"Article\" rel=\"noopener\" data-gtm-custom-categorie=\"navigation\" data-gtm-custom-action=\"crossclick\" data-gtm-custom-label=\"Contextuel\" data-gtm-event=\"customEventSPE\" data-fig-domain=\"LEFIGARO\">la lib\u00e9ration de la France<\/a>\u00a0est enfin achev\u00e9e.<\/p>\n<p class=\"fig-paragraph\">Aujourd\u2019hui, 80 ans plus tard, l\u2019histoire de cette derni\u00e8re poche de r\u00e9sistance allemande reste peu connue. Elle t\u00e9moigne de la lib\u00e9ration inachev\u00e9e du Grand Ouest, o\u00f9 plusieurs ports fortifi\u00e9s,\u00a0<a href=\"http:\/\/www.lefigaro.fr\/nantes\/quand-la-base-sous-marine-de-saint-nazaire-prend-l-eau-20250208\" target=\"_blank\" data-fig-type=\"NewsFlash\" rel=\"noopener\" data-gtm-custom-categorie=\"navigation\" data-gtm-custom-action=\"crossclick\" data-gtm-custom-label=\"Contextuel\" data-gtm-event=\"customEventSPE\" data-fig-domain=\"LEFIGARO\">am\u00e9nag\u00e9s par l\u2019Allemagne en formidables bases\u2026<\/a><\/p>\n<p class=\"fig-premium-paywall__infos\">\n        Cet article est r\u00e9serv\u00e9 aux abonn\u00e9s.        Il vous reste 84% \u00e0 d\u00e9couvrir.\n    <\/p>\n<p>                <img  data- alt=\"Le Figaro\" class=\"fig-img--complete fig-img\"\/><\/p>\n<p class=\"fig-premium-paywall__title\">Je m&rsquo;informe, je m&rsquo;inspire, je m&rsquo;abonne.<\/p>\n<p class=\"fig-premium-paywall__subtitle\">D\u00e9couvrez notre offre de bienvenue.<\/p>\n<p class=\"fig-premium-paywall__connect\">\n                D\u00e9j\u00e0 abonn\u00e9\u00a0?                <a class=\"fig-premium-paywall__connect-link\" href=\"https:\/\/connect.lefigaro.fr\/login?client=horizon_web&amp;type=main&amp;redirect_uri=https%3A%2F%2Fwww.lefigaro.fr%2Fnantes%2Fle-11-mai-1945-les-dernieres-forces-allemandes-en-france-se-rendent-pres-de-saint-nazaire-20250511\" data-js-gtm=\"{&quot;customCategorie&quot;: &quot;conversion&quot;, &quot;customAction&quot;: &quot;before_Landing_Connexion_paywall_auto&quot;, &quot;customLabel&quot;: &quot;bGVmaWdhcm8uZnJfXzFmMDJhNjllLTUxN2QtNjIwYS1iMDNjLTQ5YjQ2NGFhMjFlZF9fTmV3c0ZsYXNo_Le 11 mai 1945, les derni\u00e8res forces allemandes en France se rendent pr\u00e8s de Saint-Nazaire_236&quot;, &quot;customIDSPE&quot;: &quot;bGVmaWdhcm8uZnJfXzFmMDJhNjllLTUxN2QtNjIwYS1iMDNjLTQ5YjQ2NGFhMjFlZF9fTmV3c0ZsYXNo&quot;, &quot;event&quot;: &quot;customEventSPE&quot;}\" target=\"_blank\" rel=\"noopener\"><br \/>\n                    Connectez-vous<br \/>\n                <\/a>\n            <\/p>\n","protected":false},"excerpt":{"rendered":"R\u00c9CIT &#8211; La reddition de l\u2019ultime forteresse nazie du mur de l\u2019Atlantique, trois jours apr\u00e8s la reddition du&hellip;\n","protected":false},"author":2,"featured_media":91295,"comment_status":"","ping_status":"","sticky":false,"template":"","format":"standard","meta":{"footnotes":""},"categories":[4],"tags":[11,462,1011,27,2640,2642,766,2638,2643,2637,2639,2646,2645,2641,2635,2644,2647,12,2636,25,3272,935],"class_list":{"0":"post-91294","1":"post","2":"type-post","3":"status-publish","4":"format-standard","5":"has-post-thumbnail","7":"category-france","8":"tag-actualites","9":"tag-fc-nantes","10":"tag-fr","11":"tag-france","12":"tag-hauts-paves-saint-felix","13":"tag-ile-de-nantes","14":"tag-nantes","15":"tag-nantes-bellevue-chantenay-sainte-anne","16":"tag-nantes-breil-barberie","17":"tag-nantes-centre-ville","18":"tag-nantes-dervallieres-zola","19":"tag-nantes-doulon-bottiere","20":"tag-nantes-erdre","21":"tag-nantes-malakoff-saint-donatien","22":"tag-nantes-metropole","23":"tag-nantes-nord","24":"tag-nantes-sud","25":"tag-news","26":"tag-pays-de-la-loire","27":"tag-republique-francaise","28":"tag-saint-nazaire","29":"tag-seconde-guerre-mondiale"},"share_on_mastodon":{"url":"https:\/\/pubeurope.com\/@fr\/114488090668679892","error":""},"_links":{"self":[{"href":"https:\/\/www.europesays.com\/fr\/wp-json\/wp\/v2\/posts\/91294","targetHints":{"allow":["GET"]}}],"collection":[{"href":"https:\/\/www.europesays.com\/fr\/wp-json\/wp\/v2\/posts"}],"about":[{"href":"https:\/\/www.europesays.com\/fr\/wp-json\/wp\/v2\/types\/post"}],"author":[{"embeddable":true,"href":"https:\/\/www.europesays.com\/fr\/wp-json\/wp\/v2\/users\/2"}],"replies":[{"embeddable":true,"href":"https:\/\/www.europesays.com\/fr\/wp-json\/wp\/v2\/comments?post=91294"}],"version-history":[{"count":0,"href":"https:\/\/www.europesays.com\/fr\/wp-json\/wp\/v2\/posts\/91294\/revisions"}],"wp:featuredmedia":[{"embeddable":true,"href":"https:\/\/www.europesays.com\/fr\/wp-json\/wp\/v2\/media\/91295"}],"wp:attachment":[{"href":"https:\/\/www.europesays.com\/fr\/wp-json\/wp\/v2\/media?parent=91294"}],"wp:term":[{"taxonomy":"category","embeddable":true,"href":"https:\/\/www.europesays.com\/fr\/wp-json\/wp\/v2\/categories?post=91294"},{"taxonomy":"post_tag","embeddable":true,"href":"https:\/\/www.europesays.com\/fr\/wp-json\/wp\/v2\/tags?post=91294"}],"curies":[{"name":"wp","href":"https:\/\/api.w.org\/{rel}","templated":true}]}}