{"id":91332,"date":"2025-05-11T08:06:10","date_gmt":"2025-05-11T08:06:10","guid":{"rendered":"https:\/\/www.europesays.com\/fr\/91332\/"},"modified":"2025-05-11T08:06:10","modified_gmt":"2025-05-11T08:06:10","slug":"pakistan-les-etats-unis-vont-augmenter-de-maniere-importante-le-commerce-avec-les-deux-pays-annonce-trump","status":"publish","type":"post","link":"https:\/\/www.europesays.com\/fr\/91332\/","title":{"rendered":"Pakistan : les \u00c9tats-Unis vont augmenter \u00abde mani\u00e8re importante\u00bb le commerce avec les deux pays, annonce Trump"},"content":{"rendered":"<p role=\"heading\" aria-level=\"3\">Un cessez-le-feu&#8230; pour rien ?<\/p>\n<p class=\"fig-paragraph\">Apr\u00e8s quatre jours de confrontation militaire \u00e0 leur fronti\u00e8re, et alors que les attaques\u00a0<a href=\"http:\/\/www.lefigaro.fr\/international\/inde-pakistan-ou-en-est-l-escalade-militaire-entre-les-deux-pays-20250510\" target=\"_blank\" data-fig-type=\"NewsFlash\" rel=\"noopener\" data-gtm-custom-categorie=\"navigation\" data-gtm-custom-action=\"crossclick\" data-gtm-custom-label=\"Contextuel\" data-gtm-event=\"customEventSPE\" data-fig-domain=\"LEFIGARO\">s\u2019\u00e9taient encore intensifi\u00e9es samedi matin<\/a>\u00a0entre l\u2019Inde et le Pakistan, Donald Trump avait, le premier, fait part sur son r\u00e9seau Truth Social et sur X qu\u2019un cessez-le-feu\u00a0\u00abtotal et imm\u00e9diat\u00bb\u00a0avait \u00e9t\u00e9 convenu entre les deux parties samedi apr\u00e8s-midi.<\/p>\n<p class=\"fig-paragraph\">Mais quelques heures plus tard les deux pays se sont accus\u00e9s mutuellement de violer cette tr\u00eave. \u00abNous demandons au Pakistan de prendre les mesures appropri\u00e9es pour r\u00e9pondre \u00e0 ces violations et traiter la situation avec s\u00e9rieux et responsabilit\u00e9\u00bb, a lanc\u00e9 le secr\u00e9taire du minist\u00e8re indien des Affaires ext\u00e9rieures, Vikram Misri.<\/p>\n<p class=\"fig-paragraph\">Des journalistes de l\u2019AFP ont entendu une s\u00e9rie de fortes d\u00e9tonations samedi soir \u00e0 Srinagar, la principale ville du Cachemire indien o\u00f9 la d\u00e9fense antia\u00e9rienne est entr\u00e9e en action.<\/p>\n<p class=\"fig-paragraph\">Face aux accusations de l\u2019Inde, le Pakistan dit\u00a0\u00abmaintenir son engagement \u00e0 appliquer fid\u00e8lement\u00bb\u00a0le cessez-le-feu convenu. Les forces arm\u00e9es pakistanaises\u00a0\u00abg\u00e8rent la situation avec responsabilit\u00e9 et retenue\u00bb\u00a0, a avanc\u00e9 le minist\u00e8re, accusant l\u2019Inde de commettre elle-m\u00eame des violations du cessez-le-feu.<\/p>\n","protected":false},"excerpt":{"rendered":"Un cessez-le-feu&#8230; pour rien ? Apr\u00e8s quatre jours de confrontation militaire \u00e0 leur fronti\u00e8re, et alors que les&hellip;\n","protected":false},"author":2,"featured_media":91333,"comment_status":"","ping_status":"","sticky":false,"template":"","format":"standard","meta":{"footnotes":""},"categories":[5],"tags":[259,11,260,75,1011,27,5595,14,261,12,14488,262,28],"class_list":{"0":"post-91332","1":"post","2":"type-post","3":"status-publish","4":"format-standard","5":"has-post-thumbnail","7":"category-international","8":"tag-actualite-internationale","9":"tag-actualites","10":"tag-affaires-etrangeres","11":"tag-donald-trump","12":"tag-fr","13":"tag-france","14":"tag-inde","15":"tag-international","16":"tag-ministere-des-affaires-etrangeres","17":"tag-news","18":"tag-pakistan","19":"tag-politique-etrangere","20":"tag-world"},"share_on_mastodon":{"url":"https:\/\/pubeurope.com\/@fr\/114488173123360530","error":""},"_links":{"self":[{"href":"https:\/\/www.europesays.com\/fr\/wp-json\/wp\/v2\/posts\/91332","targetHints":{"allow":["GET"]}}],"collection":[{"href":"https:\/\/www.europesays.com\/fr\/wp-json\/wp\/v2\/posts"}],"about":[{"href":"https:\/\/www.europesays.com\/fr\/wp-json\/wp\/v2\/types\/post"}],"author":[{"embeddable":true,"href":"https:\/\/www.europesays.com\/fr\/wp-json\/wp\/v2\/users\/2"}],"replies":[{"embeddable":true,"href":"https:\/\/www.europesays.com\/fr\/wp-json\/wp\/v2\/comments?post=91332"}],"version-history":[{"count":0,"href":"https:\/\/www.europesays.com\/fr\/wp-json\/wp\/v2\/posts\/91332\/revisions"}],"wp:featuredmedia":[{"embeddable":true,"href":"https:\/\/www.europesays.com\/fr\/wp-json\/wp\/v2\/media\/91333"}],"wp:attachment":[{"href":"https:\/\/www.europesays.com\/fr\/wp-json\/wp\/v2\/media?parent=91332"}],"wp:term":[{"taxonomy":"category","embeddable":true,"href":"https:\/\/www.europesays.com\/fr\/wp-json\/wp\/v2\/categories?post=91332"},{"taxonomy":"post_tag","embeddable":true,"href":"https:\/\/www.europesays.com\/fr\/wp-json\/wp\/v2\/tags?post=91332"}],"curies":[{"name":"wp","href":"https:\/\/api.w.org\/{rel}","templated":true}]}}