{"id":91334,"date":"2025-05-11T08:07:11","date_gmt":"2025-05-11T08:07:11","guid":{"rendered":"https:\/\/www.europesays.com\/fr\/91334\/"},"modified":"2025-05-11T08:07:11","modified_gmt":"2025-05-11T08:07:11","slug":"quatre-vehicules-touches-par-un-incendie-dans-la-nuit-de-samedi-a-dimanche","status":"publish","type":"post","link":"https:\/\/www.europesays.com\/fr\/91334\/","title":{"rendered":"quatre v\u00e9hicules touch\u00e9s par un incendie dans la nuit de samedi \u00e0 dimanche"},"content":{"rendered":"<p>Un incendie s&rsquo;est d\u00e9clar\u00e9 dans la nuit de samedi \u00e0 dimanche, vers 3h29, dans un quartier de Bastia. Le feu a pris sur un v\u00e9hicule stationn\u00e9 avant de se propager rapidement \u00e0 trois autres v\u00e9hicules \u00e0 proximit\u00e9.<\/p>\n<p>\u00c0 l&rsquo;arriv\u00e9e des secours, trois voitures \u00e9taient d\u00e9j\u00e0 enti\u00e8rement embras\u00e9es et ont \u00e9t\u00e9 d\u00e9truites \u00e0 100 %. Une quatri\u00e8me a \u00e9t\u00e9 endommag\u00e9e \u00e0 hauteur de 50 %. Les pompiers sont rapidement intervenus pour ma\u00eetriser l&rsquo;incendie et \u00e9viter toute extension.<\/p>\n<p>Aucune victime n&rsquo;est \u00e0 d\u00e9plorer. Les circonstances de l&rsquo;incendie restent pour l&rsquo;heure ind\u00e9termin\u00e9es.<\/p>\n","protected":false},"excerpt":{"rendered":"Un incendie s&rsquo;est d\u00e9clar\u00e9 dans la nuit de samedi \u00e0 dimanche, vers 3h29, dans un quartier de Bastia.&hellip;\n","protected":false},"author":2,"featured_media":91335,"comment_status":"","ping_status":"","sticky":false,"template":"","format":"standard","meta":{"footnotes":""},"categories":[4],"tags":[17,11,5621,1102,1446,274,1011,27,1310,12,5912,9702,25,20240,7727],"class_list":{"0":"post-91334","1":"post","2":"type-post","3":"status-publish","4":"format-standard","5":"has-post-thumbnail","7":"category-france","8":"tag-17","9":"tag-actualites","10":"tag-bastia","11":"tag-breakingnews","12":"tag-dans","13":"tag-faits-divers-justice","14":"tag-fr","15":"tag-france","16":"tag-incendie","17":"tag-news","18":"tag-par","19":"tag-quatre","20":"tag-republique-francaise","21":"tag-touches","22":"tag-vehicules"},"share_on_mastodon":{"url":"https:\/\/pubeurope.com\/@fr\/114488177028139108","error":""},"_links":{"self":[{"href":"https:\/\/www.europesays.com\/fr\/wp-json\/wp\/v2\/posts\/91334","targetHints":{"allow":["GET"]}}],"collection":[{"href":"https:\/\/www.europesays.com\/fr\/wp-json\/wp\/v2\/posts"}],"about":[{"href":"https:\/\/www.europesays.com\/fr\/wp-json\/wp\/v2\/types\/post"}],"author":[{"embeddable":true,"href":"https:\/\/www.europesays.com\/fr\/wp-json\/wp\/v2\/users\/2"}],"replies":[{"embeddable":true,"href":"https:\/\/www.europesays.com\/fr\/wp-json\/wp\/v2\/comments?post=91334"}],"version-history":[{"count":0,"href":"https:\/\/www.europesays.com\/fr\/wp-json\/wp\/v2\/posts\/91334\/revisions"}],"wp:featuredmedia":[{"embeddable":true,"href":"https:\/\/www.europesays.com\/fr\/wp-json\/wp\/v2\/media\/91335"}],"wp:attachment":[{"href":"https:\/\/www.europesays.com\/fr\/wp-json\/wp\/v2\/media?parent=91334"}],"wp:term":[{"taxonomy":"category","embeddable":true,"href":"https:\/\/www.europesays.com\/fr\/wp-json\/wp\/v2\/categories?post=91334"},{"taxonomy":"post_tag","embeddable":true,"href":"https:\/\/www.europesays.com\/fr\/wp-json\/wp\/v2\/tags?post=91334"}],"curies":[{"name":"wp","href":"https:\/\/api.w.org\/{rel}","templated":true}]}}