{"id":91338,"date":"2025-05-11T08:10:09","date_gmt":"2025-05-11T08:10:09","guid":{"rendered":"https:\/\/www.europesays.com\/fr\/91338\/"},"modified":"2025-05-11T08:10:09","modified_gmt":"2025-05-11T08:10:09","slug":"saint-etienne-eirik-horneland-apes-reims-2-0-ce-netait-pas-un-bon-match","status":"publish","type":"post","link":"https:\/\/www.europesays.com\/fr\/91338\/","title":{"rendered":"Saint-\u00c9tienne &#8211; Eirik Horneland ap\u00e8s Reims (2-0) : \u00ab Ce n\u2019\u00e9tait pas un bon match \u00bb"},"content":{"rendered":"<p style=\"text-align: justify;\">Les Verts respirent encore. 17e\u00a0 de <strong>Ligue 1<\/strong>, l\u2019AS <strong>Saint-\u00c9tienne<\/strong> a \u00e9vit\u00e9 la rel\u00e9gation d\u00e9finitive samedi lors de la 33e journ\u00e9e en allant s\u2019imposer \u00e0 Reims. Les hommes d\u2019<strong>Eirik Horneland<\/strong> reviennent m\u00eame \u00e0 un point du barragiste, Le Havre et peuvent encore esp\u00e9rer un maintien. Dans une semaine, la victoire sera \u00e0 nouveau imp\u00e9rative contre Toulouse et le coach norv\u00e9gien en veut plus.<\/p>\n<p style=\"text-align: justify;\">\u00c0 lire aussi &gt;&gt; <a href=\"https:\/\/maligue2.fr\/2025\/05\/11\/paris-fc-pierre-ferracci-on-ne-fera-pas-de-folie\/\" target=\"_blank\" rel=\"noopener\">Paris FC \u2013 Pierre Ferracci : \u00ab On ne fera pas de folie \u00bb<\/a><\/p>\n<p style=\"text-align: justify;\">\u00ab Ce n\u2019\u00e9tait pas un bon match. Ce n\u2019\u00e9tait pas un top match pour nous. On marque un but tr\u00e8s rapidement. Je pensais que cela nous donnerait beaucoup d\u2019\u00e9nergie, de confiance mais ensuite, nous avons trop ralenti le jeu. Le Stade de Reims est revenu dans le match en seconde mi-temps, \u00e7a a \u00e9t\u00e9 difficile car nous n\u2019avons pas trouv\u00e9 le bon rythme. Je suis content du r\u00e9sultat et content de l\u2019esprit de l\u2019\u00e9quipe.<\/p>\n<p style=\"text-align: justify;\">C\u2019est vrai, on est bien entendu tr\u00e8s content du r\u00e9sultat et de cette victoire mais lorsqu\u2019on marque un but tr\u00e8s rapidement dans une rencontre, on veut construire sur un but comme \u00e7a. On souhaite pouvoir continuer pendant la partie. On les a laiss\u00e9s revenir dans le match au lieu de continuer \u00e0 attaquer. Le r\u00e9sultat bien-s\u00fbr, on en est content ! \u00bb<\/p>\n<p style=\"text-align: justify;\">Source : <a href=\"https:\/\/peuple-vert.fr\/asse-actualite\/reims-asse-reactions-chaud-horneland-diawara\/\" target=\"_blank\" rel=\"noopener\">Peuple-Vert<\/a><\/p>\n<p>Photo \u00a9Daniel Derajinski\/Icon Sport<\/p>\n","protected":false},"excerpt":{"rendered":"Les Verts respirent encore. 17e\u00a0 de Ligue 1, l\u2019AS Saint-\u00c9tienne a \u00e9vit\u00e9 la rel\u00e9gation d\u00e9finitive samedi lors de&hellip;\n","protected":false},"author":2,"featured_media":91339,"comment_status":"","ping_status":"","sticky":false,"template":"","format":"standard","meta":{"footnotes":""},"categories":[9653],"tags":[1962,1111,11,2430,17066,1777,674,1011,27,12,25,4001],"class_list":{"0":"post-91338","1":"post","2":"type-post","3":"status-publish","4":"format-standard","5":"has-post-thumbnail","7":"category-saint-etienne","8":"tag-alaune5","9":"tag-actu","10":"tag-actualites","11":"tag-auvergne-rhone-alpes","12":"tag-eirik-horneland","13":"tag-eu","14":"tag-europe","15":"tag-fr","16":"tag-france","17":"tag-news","18":"tag-republique-francaise","19":"tag-saint-etienne"},"share_on_mastodon":{"url":"https:\/\/pubeurope.com\/@fr\/114488188774010235","error":""},"_links":{"self":[{"href":"https:\/\/www.europesays.com\/fr\/wp-json\/wp\/v2\/posts\/91338","targetHints":{"allow":["GET"]}}],"collection":[{"href":"https:\/\/www.europesays.com\/fr\/wp-json\/wp\/v2\/posts"}],"about":[{"href":"https:\/\/www.europesays.com\/fr\/wp-json\/wp\/v2\/types\/post"}],"author":[{"embeddable":true,"href":"https:\/\/www.europesays.com\/fr\/wp-json\/wp\/v2\/users\/2"}],"replies":[{"embeddable":true,"href":"https:\/\/www.europesays.com\/fr\/wp-json\/wp\/v2\/comments?post=91338"}],"version-history":[{"count":0,"href":"https:\/\/www.europesays.com\/fr\/wp-json\/wp\/v2\/posts\/91338\/revisions"}],"wp:featuredmedia":[{"embeddable":true,"href":"https:\/\/www.europesays.com\/fr\/wp-json\/wp\/v2\/media\/91339"}],"wp:attachment":[{"href":"https:\/\/www.europesays.com\/fr\/wp-json\/wp\/v2\/media?parent=91338"}],"wp:term":[{"taxonomy":"category","embeddable":true,"href":"https:\/\/www.europesays.com\/fr\/wp-json\/wp\/v2\/categories?post=91338"},{"taxonomy":"post_tag","embeddable":true,"href":"https:\/\/www.europesays.com\/fr\/wp-json\/wp\/v2\/tags?post=91338"}],"curies":[{"name":"wp","href":"https:\/\/api.w.org\/{rel}","templated":true}]}}