{"id":91349,"date":"2025-05-11T08:17:09","date_gmt":"2025-05-11T08:17:09","guid":{"rendered":"https:\/\/www.europesays.com\/fr\/91349\/"},"modified":"2025-05-11T08:17:09","modified_gmt":"2025-05-11T08:17:09","slug":"voici-ou-et-quand-ils-devraient-frapper","status":"publish","type":"post","link":"https:\/\/www.europesays.com\/fr\/91349\/","title":{"rendered":"voici o\u00f9 et quand ils devraient frapper"},"content":{"rendered":"<p>            Par<br \/>\n        <strong><br \/>\n            <a href=\"https:\/\/actu.fr\/auteur\/adrien-filoche\" title=\"Consulter tous les articles de Adrien Filoche\" target=\"_blank\" rel=\"noopener\">Adrien Filoche<\/a><br \/>\n        <\/strong><\/p>\n<p>        Publi\u00e9 le<\/p>\n<p>            11 mai 2025 \u00e0 9h44<br \/>\n        ; mis \u00e0 jour le 11 mai 2025 \u00e0 9h45    <\/p>\n<p>Prudence ce dimanche 11\u00a0mai 2025.\u00a0L\u2019ensemble de la Normandie, dont la Seine-Maritime, a \u00e9t\u00e9 plac\u00e9e <strong>en vigilance jaune<\/strong> <a href=\"https:\/\/actu.fr\/tag\/orages\" target=\"_blank\" rel=\"noopener\">orage<\/a> par <a href=\"https:\/\/actu.fr\/tag\/meteo-france\" target=\"_blank\" rel=\"noopener\">M\u00e9t\u00e9o France.<\/a><\/p>\n<p>Des risques d\u2019orage d\u00e8s l\u2019apr\u00e8s-midi<\/p>\n<p class=\" wall-content\">Apr\u00e8s le beau temps de la matin\u00e9e, c\u2019est bien des averses orageuses qui sont annonc\u00e9es d\u00e8s l\u2019apr\u00e8s-midi.<\/p>\n<p class=\" wall-content\">\u00c0 <strong>Rouen<\/strong>, la pluie est annonc\u00e9e \u00e0 partir de 15\u00a0heures, avant<strong> des premiers risques d\u2019orages aux alentours de 16\u00a0heures<\/strong> et jusque dans la soir\u00e9e. Entre 17h et 18h, M\u00e9t\u00e9o France annonce des rafales de vents plus importantes (45\u00a0km\/h) mais relativement mod\u00e9r\u00e9e par rapport \u00e0 d\u2019autres \u00e9v\u00e8nements.<\/p>\n<p class=\" wall-content\">Au\u00a0<strong>Havre<\/strong>, on retrouve \u00e0 peu pr\u00e8s les m\u00eames pr\u00e9visions, m\u00eame si l\u2019\u00e9pisode orageux doit \u00eatre moins violent selon les premi\u00e8res visualisations de M\u00e9t\u00e9o France.<\/p>\n<p class=\" wall-content\">C\u00f4t\u00e9 temp\u00e9rature, orage oblige, <strong>il fera lourd pendant cette journ\u00e9e<\/strong>, avec une vingtaine de degr\u00e9s sur le thermom\u00e8tre, mais le ressenti sera plus proche des 25 degr\u00e9s.<\/p>\n<p class=\" wall-content\">Au total, M\u00e9t\u00e9o France a plac\u00e9 <a href=\"https:\/\/actu.fr\/meteo\/violents-orages-plus-de-70-departements-en-vigilance-ce-dimanche-voici-ou-la-foudre-va-tomber_62618625.html\" target=\"_blank\" rel=\"noopener\">71 d\u00e9partements en vigilance jaune<\/a> face au risque d\u2019orages ce dimanche.<\/p>\n<p>Vid\u00e9os : en ce moment sur ActuSuivez l\u2019actualit\u00e9 de <a href=\"https:\/\/www.whatsapp.com\/channel\/0029VaKfnf99hXF2ddApFB1D\" target=\"_blank\" rel=\"noopener\">Rouen<\/a> et du\u00a0<a href=\"https:\/\/www.whatsapp.com\/channel\/0029VaFqJYE8aKvLBwVrEe0o\" target=\"_blank\" rel=\"noopener\">Havre<\/a> sur nos cha\u00eenes WhatsApp et sur <a href=\"https:\/\/www.tiktok.com\/@76actu.fr?lang=fr\" target=\"_blank\" rel=\"noopener\">notre compte TikTok<\/a><\/p>\n<p class=\" wall-content\">Suivez toute l\u2019actualit\u00e9 de vos villes et m\u00e9dias favoris en vous inscrivant \u00e0 <a href=\"https:\/\/moncompte.actu.fr\" title=\"D\u00e9couvez Mon Actu\" rel=\"nofollow noopener\" data-trk=\"{&quot;cta&quot;:{&quot;action&quot;:&quot;https:\\\/\\\/moncompte.actu.fr&quot;,&quot;category&quot;:&quot;mon compte&quot;,&quot;from&quot;:&quot;article footer&quot;,&quot;name&quot;:&quot;Mon actu&quot;,&quot;type&quot;:&quot;cta&quot;}}\" target=\"_blank\">Mon Actu<\/a>.<\/p>\n<p>                    <script async src=\"\/\/www.tiktok.com\/embed.js\"><\/script><\/p>\n","protected":false},"excerpt":{"rendered":"Par Adrien Filoche Publi\u00e9 le 11 mai 2025 \u00e0 9h44 ; mis \u00e0 jour le 11 mai 2025&hellip;\n","protected":false},"author":2,"featured_media":91350,"comment_status":"","ping_status":"","sticky":false,"template":"","format":"standard","meta":{"footnotes":""},"categories":[9587],"tags":[1111,11,1777,674,1011,27,2487,2357,12,5161,4594,25,9590],"class_list":{"0":"post-91349","1":"post","2":"type-post","3":"status-publish","4":"format-standard","5":"has-post-thumbnail","7":"category-rouen","8":"tag-actu","9":"tag-actualites","10":"tag-eu","11":"tag-europe","12":"tag-fr","13":"tag-france","14":"tag-meteo","15":"tag-meteo-france","16":"tag-news","17":"tag-normandie","18":"tag-orages","19":"tag-republique-francaise","20":"tag-rouen"},"share_on_mastodon":{"url":"https:\/\/pubeurope.com\/@fr\/114488216325433380","error":""},"_links":{"self":[{"href":"https:\/\/www.europesays.com\/fr\/wp-json\/wp\/v2\/posts\/91349","targetHints":{"allow":["GET"]}}],"collection":[{"href":"https:\/\/www.europesays.com\/fr\/wp-json\/wp\/v2\/posts"}],"about":[{"href":"https:\/\/www.europesays.com\/fr\/wp-json\/wp\/v2\/types\/post"}],"author":[{"embeddable":true,"href":"https:\/\/www.europesays.com\/fr\/wp-json\/wp\/v2\/users\/2"}],"replies":[{"embeddable":true,"href":"https:\/\/www.europesays.com\/fr\/wp-json\/wp\/v2\/comments?post=91349"}],"version-history":[{"count":0,"href":"https:\/\/www.europesays.com\/fr\/wp-json\/wp\/v2\/posts\/91349\/revisions"}],"wp:featuredmedia":[{"embeddable":true,"href":"https:\/\/www.europesays.com\/fr\/wp-json\/wp\/v2\/media\/91350"}],"wp:attachment":[{"href":"https:\/\/www.europesays.com\/fr\/wp-json\/wp\/v2\/media?parent=91349"}],"wp:term":[{"taxonomy":"category","embeddable":true,"href":"https:\/\/www.europesays.com\/fr\/wp-json\/wp\/v2\/categories?post=91349"},{"taxonomy":"post_tag","embeddable":true,"href":"https:\/\/www.europesays.com\/fr\/wp-json\/wp\/v2\/tags?post=91349"}],"curies":[{"name":"wp","href":"https:\/\/api.w.org\/{rel}","templated":true}]}}