{"id":91353,"date":"2025-05-11T08:19:08","date_gmt":"2025-05-11T08:19:08","guid":{"rendered":"https:\/\/www.europesays.com\/fr\/91353\/"},"modified":"2025-05-11T08:19:08","modified_gmt":"2025-05-11T08:19:08","slug":"les-anciens-et-les-modernes-la-solitude-du-challenger-chiracmania-la-semaine-vagabonde-de-denis-carreaux","status":"publish","type":"post","link":"https:\/\/www.europesays.com\/fr\/91353\/","title":{"rendered":"Les anciens et les modernes, la solitude du challenger, Chiracmania&#8230; La Semaine vagabonde de Denis Carreaux"},"content":{"rendered":"<p>                                Lundi<\/p>\n<p><strong>LES ANCIENS ET LES MODERNES.\u00a0<\/strong>Trois mois apr\u00e8s le rapt du cofondateur de la soci\u00e9t\u00e9 Ledger dans l\u2019Indre, celui d\u2019un quinquag\u00e9naire s\u00e9questr\u00e9 pendant 58 heures ce week-end rappelle la s\u00e9rie d\u2019enl\u00e8vements de grands patrons qui avait traumatis\u00e9 la France au milieu des ann\u00e9es 70. Autre temps, autres m\u0153urs. Oubli\u00e9s les capitaines d\u2019industrie. Un demi-si\u00e8cle plus tard, les investisseurs en cryptomonnaies sont devenus la proie de criminels dont les m\u00e9thodes n\u2019ont pas vari\u00e9 d\u2019un iota. Kidnappings en pleine rue, demandes de ran\u00e7on, mutilation : les criminels agissent \u00e0 l\u2019ancienne, comme dans les films de Melville. Fort heureusement, les enqu\u00eateurs ont, eux, chang\u00e9 de braquet gr\u00e2ce \u00e0 des techniques de pointe. Ravisseurs identifi\u00e9s et arr\u00eat\u00e9s en un temps record, otages lib\u00e9r\u00e9s: les modernes ont de l\u2019avance sur les anciens.<\/p>\n<p>Mardi<\/p>\n<p><strong>LA SOLITUDE DU CHALLENGER.\u00a0<\/strong>\u00c0 un mois d\u2019\u00e9cart, jour pour jour, Bruno Retailleau et Laurent Wauquiez se livrent au m\u00eame exercice, celui du Face aux lecteurs organis\u00e9 par notre journal. Dans la course \u00e0 la pr\u00e9sidence de LR, un monde s\u00e9pare le favori et son challenger. Agenda millim\u00e9tr\u00e9, rencontre chronom\u00e9tr\u00e9e, gardes du corps aux aguets: pas de place \u00e0 l\u2019improvisation chez le ministre de l\u2019Int\u00e9rieur en campagne. Tout l\u2019inverse de Laurent Wauquiez. Arriv\u00e9 en avance, veste sur l\u2019\u00e9paule, au si\u00e8ge de notre journal accompagn\u00e9 d\u2019un unique collaborateur, le chef de file des d\u00e9put\u00e9s LR s\u2019autorise un tour du p\u00e2t\u00e9 de maisons, histoire de se d\u00e9gourdir les jambes. En pr\u00e9sence de nos lecteurs, il prend le temps. S\u2019int\u00e9resse \u00e0 chacun. Plaisante. S\u2019amuse des guerres intestines entre les grands fauves politiques locaux. S\u2019il conc\u00e8de une bonne longueur de retard, le marathonien Laurent Wauquiez ne se laisse pas impressionner par le sprint de Bruno Retailleau. Il sait que d\u2019ici 2027, la route sera longue.<\/p>\n<p>Mercredi<\/p>\n<p><strong>CHIRACMANIA.\u00a0<\/strong>Jadis ringard, qualifi\u00e9 de \u00ab\u00a0roi fain\u00e9ant\u00a0\u00bb, Jacques Chirac est aujourd\u2019hui adul\u00e9. Trente ans apr\u00e8s son \u00e9lection, l\u2019ex-chef d\u2019\u00c9tat est partout. T-shirts, mugs, tabliers \u00e0 son effigie, chansons \u00e0 partir de ses expressions favorites : tout le monde est fan de ce Pr\u00e9sident \u00ab\u00a0cinq minutes, douche comprise\u00a0\u00bb qui aimait les pommes, la t\u00eate de veau, les CX et la Corona. Superstar, le Corr\u00e9zien l\u2019est aussi pour de nombreux politiques engag\u00e9s dans la course \u00e0 l\u2019\u00c9lys\u00e9e. Beaucoup se souviennent avec des \u00e9toiles dans les yeux de l\u2019incroyable retournement de 1995 qui avait vu Jacques Chirac, donn\u00e9 battu \u00e0 plate couture par Balladur, l\u2019emporter apr\u00e8s avoir arpent\u00e9 la France pendant des mois, l\u2019image du looser coll\u00e9 au costume. Slogan inattendu (\u00ab\u00a0Mangez des pommes\u00a0\u00bb), concept bien senti (la fracture sociale), coup de pouce involontaire des Guignols de l\u2019info: trente ans apr\u00e8s, sa remontada est devenue l\u00e9gendaire. Et Chirac un mod\u00e8le.<\/p>\n<p>Jeudi<\/p>\n<p><strong>LES DEUX AM\u00c9RIQUE.\u00a0<\/strong>Aux yeux des 53 millions de catholiques am\u00e9ricains, l\u2019\u00e9lection du cardinal Robert Francis Prevost repr\u00e9sente un moment historique. Dans une ann\u00e9e qui voit les \u00c9tats-Unis revenir au premier plan mondial, pour le meilleur et pour le pire, l\u2019\u00e9lection du premier pape am\u00e9ricain est aussi une bonne nouvelle pour Donald Trump qui accueille l\u2019\u00e9lection de ce compatriote comme \u00ab\u00a0un grand honneur\u00a0\u00bb. Mais Robert Francis Prevost n\u2019est pas Donald Trump. C\u2019est m\u00eame son antith\u00e8se. D\u00e9crit comme timide, secret et modeste, autant de traits de caract\u00e8re rest\u00e9s \u00e0 la porte du Bureau ovale, le nouveau souverain pontife s\u2019inscrit dans la continuit\u00e9 de Fran\u00e7ois et revendique par le choix de son nom l\u2019h\u00e9ritage de L\u00e9on XIII, le \u00ab\u00a0pape des ouvriers\u00a0\u00bb. Proche de l\u2019\u00e9v\u00eaque de Chicago, un des plus farouches opposants de Trump au sein de l\u2019\u00e9piscopat am\u00e9ricain, le cardinal Prevost a partag\u00e9 \u00e0 plusieurs reprises sur les r\u00e9seaux sociaux des articles critiquant le vice-pr\u00e9sident J.D Vance pour ses prises de position anti-migrants. Une autre vision de l\u2019Am\u00e9rique et, pourquoi pas, l\u2019\u00e9mergence d\u2019une forme de contre-pouvoir.<\/p>\n<p>Vendredi<\/p>\n<p><strong>SUR LES DENTS.\u00a0<\/strong>Dans notre pays, on r\u00e9clame \u00e0 cor et \u00e0 cri des prisons et des logements sociaux, mais on n\u2019en veut surtout pas \u00e0 c\u00f4t\u00e9 de chez soi. Il en sera peut-\u00eatre bient\u00f4t de m\u00eame pour les professionnels de sant\u00e9. \u00c0 Pernes-en-Artois, un bourg de 1.600 \u00e2mes du Pas-de-Calais, c\u2019est contre l\u2019installation d\u2019un dentiste que les habitants ont sorti les crocs, p\u00e9tition \u00e0 l\u2019appui. Face au toll\u00e9 soulev\u00e9 par la perspective de voir le trafic routier augmenter l\u00e9g\u00e8rement avec l\u2019arriv\u00e9e de son cabinet, le praticien a pr\u00e9f\u00e9r\u00e9 jeter l\u2019\u00e9ponge. Effray\u00e9 par ces villageois sur les dents, il ne ram\u00e8nera pas sa fraise.<\/p>\n<p>Samedi<\/p>\n<p><strong>NOS AGRICULTEURS ONT DU TALENT.\u00a0<\/strong>Nos agriculteurs ont eu du talent. C\u2019\u00e9tait un pari. Il est r\u00e9ussi. R\u00e9unir en ville, \u00e0 Saint-Rapha\u00ebl, la cr\u00e8me des agriculteurs du Var. Ceux qui font vivre le terroir, entretiennent nos campagnes et subliment les richesses de la nature. Le succ\u00e8s de la premi\u00e8re \u00e9dition du Salon des producteurs du Var organis\u00e9 par Var-matin est aussi \u00e9clatant qu\u2019enthousiasmant. Vins, huiles, truffes: les produits des agriculteurs du d\u00e9partement, premiers d\u00e9fenseurs de l\u2019environnement, sont exceptionnels et leur talent incroyable. Bravo \u00e0 eux!<br \/>&#13;<br \/>\n_______<br \/>&#13;<br \/>\nLe salon se poursuit aujourd\u2019hui au Palais des Congr\u00e8s de Saint-Rapha\u00ebl.<\/p>\n","protected":false},"excerpt":{"rendered":"Lundi LES ANCIENS ET LES MODERNES.\u00a0Trois mois apr\u00e8s le rapt du cofondateur de la soci\u00e9t\u00e9 Ledger dans l\u2019Indre,&hellip;\n","protected":false},"author":2,"featured_media":91354,"comment_status":"","ping_status":"","sticky":false,"template":"","format":"standard","meta":{"footnotes":""},"categories":[9566],"tags":[1111,11,327,2430,1292,2518,1777,674,118,1011,27,2731,12,4536,316,4020,25],"class_list":{"0":"post-91353","1":"post","2":"type-post","3":"status-publish","4":"format-standard","5":"has-post-thumbnail","7":"category-grenoble","8":"tag-actu","9":"tag-actualites","10":"tag-agriculture","11":"tag-auvergne-rhone-alpes","12":"tag-debat","13":"tag-edito","14":"tag-eu","15":"tag-europe","16":"tag-faits-divers","17":"tag-fr","18":"tag-france","19":"tag-grenoble","20":"tag-news","21":"tag-opinion","22":"tag-politique","23":"tag-religion","24":"tag-republique-francaise"},"share_on_mastodon":{"url":"https:\/\/pubeurope.com\/@fr\/114488224208443252","error":""},"_links":{"self":[{"href":"https:\/\/www.europesays.com\/fr\/wp-json\/wp\/v2\/posts\/91353","targetHints":{"allow":["GET"]}}],"collection":[{"href":"https:\/\/www.europesays.com\/fr\/wp-json\/wp\/v2\/posts"}],"about":[{"href":"https:\/\/www.europesays.com\/fr\/wp-json\/wp\/v2\/types\/post"}],"author":[{"embeddable":true,"href":"https:\/\/www.europesays.com\/fr\/wp-json\/wp\/v2\/users\/2"}],"replies":[{"embeddable":true,"href":"https:\/\/www.europesays.com\/fr\/wp-json\/wp\/v2\/comments?post=91353"}],"version-history":[{"count":0,"href":"https:\/\/www.europesays.com\/fr\/wp-json\/wp\/v2\/posts\/91353\/revisions"}],"wp:featuredmedia":[{"embeddable":true,"href":"https:\/\/www.europesays.com\/fr\/wp-json\/wp\/v2\/media\/91354"}],"wp:attachment":[{"href":"https:\/\/www.europesays.com\/fr\/wp-json\/wp\/v2\/media?parent=91353"}],"wp:term":[{"taxonomy":"category","embeddable":true,"href":"https:\/\/www.europesays.com\/fr\/wp-json\/wp\/v2\/categories?post=91353"},{"taxonomy":"post_tag","embeddable":true,"href":"https:\/\/www.europesays.com\/fr\/wp-json\/wp\/v2\/tags?post=91353"}],"curies":[{"name":"wp","href":"https:\/\/api.w.org\/{rel}","templated":true}]}}