{"id":91355,"date":"2025-05-11T08:20:10","date_gmt":"2025-05-11T08:20:10","guid":{"rendered":"https:\/\/www.europesays.com\/fr\/91355\/"},"modified":"2025-05-11T08:20:10","modified_gmt":"2025-05-11T08:20:10","slug":"lessentiel-du-sport-dans-nos-regions-le-so-chambery-se-rapproche-de-la-pro-d2-un-fc-annecy-historique-face-au-gf38-les-infos-du-dimanche-11-mai","status":"publish","type":"post","link":"https:\/\/www.europesays.com\/fr\/91355\/","title":{"rendered":"L&rsquo;essentiel du sport dans nos r\u00e9gions Le SO Chamb\u00e9ry se rapproche de la Pro D2, un FC Annecy historique face au GF38&#8230; les infos du dimanche 11 mai"},"content":{"rendered":"<p>En dominant (39-22) Rouen ce samedi au Chamb\u00e9ry Savoie Stadium, le SOC s&rsquo;est qualifi\u00e9 pour la finale de Nationale. Les Savoyards d\u00e9fieront Carcassonne, tombeur de Narbonne, pour une place en Pro D2 ; les hommes de Laurent Guyot se sont offert l&rsquo;Alpico face au GF38 sur le score de 3 \u00e0 1.\u00a0Une victoire synonyme de sixi\u00e8me place en Ligue 2, le meilleur classement de l&rsquo;histoire des Haut-Savoyards&#8230;\u00a0voici l&rsquo;essentiel du sport de ce dimanche 11 mai dans nos r\u00e9gions.<\/p>\n","protected":false},"excerpt":{"rendered":"En dominant (39-22) Rouen ce samedi au Chamb\u00e9ry Savoie Stadium, le SOC s&rsquo;est qualifi\u00e9 pour la finale de&hellip;\n","protected":false},"author":2,"featured_media":91356,"comment_status":"","ping_status":"","sticky":false,"template":"","format":"standard","meta":{"footnotes":""},"categories":[9566],"tags":[1111,11,2430,1777,674,107,1701,1011,27,2731,12,25,517,1947],"class_list":{"0":"post-91355","1":"post","2":"type-post","3":"status-publish","4":"format-standard","5":"has-post-thumbnail","7":"category-grenoble","8":"tag-actu","9":"tag-actualites","10":"tag-auvergne-rhone-alpes","11":"tag-eu","12":"tag-europe","13":"tag-fil-info","14":"tag-fil-info-sport","15":"tag-fr","16":"tag-france","17":"tag-grenoble","18":"tag-news","19":"tag-republique-francaise","20":"tag-sport","21":"tag-sport-national"},"share_on_mastodon":{"url":"https:\/\/pubeurope.com\/@fr\/114488228156710906","error":""},"_links":{"self":[{"href":"https:\/\/www.europesays.com\/fr\/wp-json\/wp\/v2\/posts\/91355","targetHints":{"allow":["GET"]}}],"collection":[{"href":"https:\/\/www.europesays.com\/fr\/wp-json\/wp\/v2\/posts"}],"about":[{"href":"https:\/\/www.europesays.com\/fr\/wp-json\/wp\/v2\/types\/post"}],"author":[{"embeddable":true,"href":"https:\/\/www.europesays.com\/fr\/wp-json\/wp\/v2\/users\/2"}],"replies":[{"embeddable":true,"href":"https:\/\/www.europesays.com\/fr\/wp-json\/wp\/v2\/comments?post=91355"}],"version-history":[{"count":0,"href":"https:\/\/www.europesays.com\/fr\/wp-json\/wp\/v2\/posts\/91355\/revisions"}],"wp:featuredmedia":[{"embeddable":true,"href":"https:\/\/www.europesays.com\/fr\/wp-json\/wp\/v2\/media\/91356"}],"wp:attachment":[{"href":"https:\/\/www.europesays.com\/fr\/wp-json\/wp\/v2\/media?parent=91355"}],"wp:term":[{"taxonomy":"category","embeddable":true,"href":"https:\/\/www.europesays.com\/fr\/wp-json\/wp\/v2\/categories?post=91355"},{"taxonomy":"post_tag","embeddable":true,"href":"https:\/\/www.europesays.com\/fr\/wp-json\/wp\/v2\/tags?post=91355"}],"curies":[{"name":"wp","href":"https:\/\/api.w.org\/{rel}","templated":true}]}}