{"id":91363,"date":"2025-05-11T08:24:16","date_gmt":"2025-05-11T08:24:16","guid":{"rendered":"https:\/\/www.europesays.com\/fr\/91363\/"},"modified":"2025-05-11T08:24:16","modified_gmt":"2025-05-11T08:24:16","slug":"andrey-santos-cest-un-soir-difficile-pour-nous-alsasports","status":"publish","type":"post","link":"https:\/\/www.europesays.com\/fr\/91363\/","title":{"rendered":"Andrey Santos : \u00ab\u00a0C&rsquo;est un soir difficile pour nous\u00a0\u00bb \u2014 Alsa&rsquo;Sports"},"content":{"rendered":"<p><strong>Andrey Santos est apparu marqu\u00e9 en zone mixte apr\u00e8s la d\u00e9faite des siens \u00e0 Angers (2-1), et a confirm\u00e9 que la d\u00e9ception \u00e9tait grande dans le vestiaire strasbourgeois d\u2019avoir sans doute laiss\u00e9 \u00e9chapper la Ligue des champions. <\/strong><\/p>\n<p>Andrey Santos a \u00e9t\u00e9 \u00e0 la hauteur de son \u00e9quipe \u00e0 Angers : auteur de l\u2019un de ses plus mauvais matches de la saison. Alors que le Racing \u00e9tait sur une s\u00e9rie incroyable de 12 matches cons\u00e9cutifs sans d\u00e9faite en ayant battu des grands du championnat. \u00ab\u00a0C\u2019est le foot. un jour tu perds, un jour tu gagnes\u00a0\u00bb, a relativis\u00e9 le milieu br\u00e9silien en zone mixte. \u00ab\u00a0C\u2019est un soir difficile pour nous. On a travaill\u00e9 fort pour gagner mais c\u2019\u00e9tait compliqu\u00e9. Il reste une finale \u00e0 jouer chez nous devant nos supporters.\u00a0\u00bb Ce sera samedi prochain \u00e0 21h \u00e0 la Meinau face au Havre.<\/p>\n","protected":false},"excerpt":{"rendered":"Andrey Santos est apparu marqu\u00e9 en zone mixte apr\u00e8s la d\u00e9faite des siens \u00e0 Angers (2-1), et a&hellip;\n","protected":false},"author":2,"featured_media":91364,"comment_status":"","ping_status":"","sticky":false,"template":"","format":"standard","meta":{"footnotes":""},"categories":[2820],"tags":[1111,11,1777,674,63,1011,27,775,66,12,4448,25,640],"class_list":{"0":"post-91363","1":"post","2":"type-post","3":"status-publish","4":"format-standard","5":"has-post-thumbnail","7":"category-strasbourg","8":"tag-actu","9":"tag-actualites","10":"tag-eu","11":"tag-europe","12":"tag-football","13":"tag-fr","14":"tag-france","15":"tag-grand-est","16":"tag-ligue-1","17":"tag-news","18":"tag-rc-strasbourg","19":"tag-republique-francaise","20":"tag-strasbourg"},"share_on_mastodon":{"url":"https:\/\/pubeurope.com\/@fr\/114488243958376372","error":""},"_links":{"self":[{"href":"https:\/\/www.europesays.com\/fr\/wp-json\/wp\/v2\/posts\/91363","targetHints":{"allow":["GET"]}}],"collection":[{"href":"https:\/\/www.europesays.com\/fr\/wp-json\/wp\/v2\/posts"}],"about":[{"href":"https:\/\/www.europesays.com\/fr\/wp-json\/wp\/v2\/types\/post"}],"author":[{"embeddable":true,"href":"https:\/\/www.europesays.com\/fr\/wp-json\/wp\/v2\/users\/2"}],"replies":[{"embeddable":true,"href":"https:\/\/www.europesays.com\/fr\/wp-json\/wp\/v2\/comments?post=91363"}],"version-history":[{"count":0,"href":"https:\/\/www.europesays.com\/fr\/wp-json\/wp\/v2\/posts\/91363\/revisions"}],"wp:featuredmedia":[{"embeddable":true,"href":"https:\/\/www.europesays.com\/fr\/wp-json\/wp\/v2\/media\/91364"}],"wp:attachment":[{"href":"https:\/\/www.europesays.com\/fr\/wp-json\/wp\/v2\/media?parent=91363"}],"wp:term":[{"taxonomy":"category","embeddable":true,"href":"https:\/\/www.europesays.com\/fr\/wp-json\/wp\/v2\/categories?post=91363"},{"taxonomy":"post_tag","embeddable":true,"href":"https:\/\/www.europesays.com\/fr\/wp-json\/wp\/v2\/tags?post=91363"}],"curies":[{"name":"wp","href":"https:\/\/api.w.org\/{rel}","templated":true}]}}