{"id":91367,"date":"2025-05-11T08:26:09","date_gmt":"2025-05-11T08:26:09","guid":{"rendered":"https:\/\/www.europesays.com\/fr\/91367\/"},"modified":"2025-05-11T08:26:09","modified_gmt":"2025-05-11T08:26:09","slug":"avant-le-sommet-de-lonu-sur-locean-la-parole-donnee-aux-artistes-dans-les-lieux-culturels-de-la-ville","status":"publish","type":"post","link":"https:\/\/www.europesays.com\/fr\/91367\/","title":{"rendered":"avant le sommet de l\u2019ONU sur l\u2019oc\u00e9an, la parole donn\u00e9e aux artistes dans les lieux culturels de la ville"},"content":{"rendered":"<p>Cette sixi\u00e8me biennale des arts avec onze expositions a \u00e9t\u00e9 d\u00e9cal\u00e9e d\u2019une ann\u00e9e pour co\u00efncider avec le sommet onusien sur l\u2019oc\u00e9an, qui se tiendra en juin dans le quartier du port.<\/p>\n<p class=\"fig-paragraph\">Nice ouvre cette semaine sa Biennale des arts avec l\u2019ambition de pr\u00e9senter jusqu\u2019\u00e0 l\u2019automne des regards artistiques sur la mer, en compl\u00e9ment de la parole scientifique et politique attendue \u00e0\u00a0<a href=\"http:\/\/www.lefigaro.fr\/nice\/en-vue-du-sommet-de-l-onu-sur-l-ocean-a-nice-emmanuel-macron-fixe-une-serie-d-objectifs-20250401\" data-fig-type=\"NewsFlash\" data-gtm-custom-categorie=\"navigation\" data-gtm-custom-action=\"crossclick\" data-gtm-custom-label=\"Contextuel\" data-gtm-event=\"customEventSPE\" data-fig-domain=\"LEFIGARO\" rel=\"nofollow noopener\" target=\"_blank\">la troisi\u00e8me conf\u00e9rence de l\u2019ONU sur l\u2019oc\u00e9an<\/a>, qui se tiendra en juin dans la capitale de la C\u00f4te d\u2019Azur. Le\u00a0<a href=\"http:\/\/www.lefigaro.fr\/nice\/le-carnaval-de-nice-surfe-sur-la-vague-de-l-annee-de-la-mer-avec-une-parade-d-ouverture-gratuite-20250215\" data-fig-type=\"NewsFlash\" data-gtm-custom-categorie=\"navigation\" data-gtm-custom-action=\"crossclick\" data-gtm-custom-label=\"Contextuel\" data-gtm-event=\"customEventSPE\" data-fig-domain=\"LEFIGARO\" rel=\"nofollow noopener\" target=\"_blank\">th\u00e8me de l\u2019oc\u00e9an<\/a>\u00a0s\u2019est impos\u00e9 pour cette sixi\u00e8me \u00e9dition, d\u00e9cal\u00e9e d\u2019une ann\u00e9e pour co\u00efncider avec \u00abl\u2019Unoc 3\u00bb et qui se veut \u00abun appel \u00e0 l\u2019action pour pr\u00e9server la beaut\u00e9 et la richesse des mers et des oc\u00e9ans\u00bb, explique le maire de Nice,\u00a0<a href=\"http:\/\/www.lefigaro.fr\/nice\/municipales-2026-a-un-an-des-elections-christian-estrosi-deja-en-mode-campagne-a-nice-20250328\" data-fig-type=\"NewsFlash\" data-gtm-custom-categorie=\"navigation\" data-gtm-custom-action=\"crossclick\" data-gtm-custom-label=\"Contextuel\" data-gtm-event=\"customEventSPE\" data-fig-domain=\"LEFIGARO\" rel=\"nofollow noopener\" target=\"_blank\">Christian Estrosi (Horizons)<\/a>.<\/p>\n<p class=\"fig-paragraph\">\u00c0 travers onze expositions alliant collections historiques et cr\u00e9ation contemporaine, \u00ables artistes jouent un r\u00f4le fondamental en \u00e9veillant les consciences et en mobilisant l&rsquo;imaginaire collectif\u00bb, poursuit-il. Le mus\u00e9e Terra Amata de la pr\u00e9histoire raconte ainsi les premi\u00e8res implantations humaines sur les rivages de l\u2019actuelle baie des Anges il y a 400.000 ans. Le mus\u00e9e arch\u00e9ologique \u00e9voque les recherches subaquatiques.<\/p>\n<p class=\"fig-paragraph\">Au mus\u00e9e\u00a0<a href=\"http:\/\/www.lefigaro.fr\/nice\/chef-d-oeuvre-testamentaire-d-henri-matisse-la-chapelle-du-rosaire-de-vence-va-etre-classee-au-patrimoine-national-20250117\" data-fig-type=\"NewsFlash\" data-gtm-custom-categorie=\"navigation\" data-gtm-custom-action=\"crossclick\" data-gtm-custom-label=\"Contextuel\" data-gtm-event=\"customEventSPE\" data-fig-domain=\"LEFIGARO\" rel=\"nofollow noopener\" target=\"_blank\">Matisse<\/a>, une exposition rassemblant 150 \u0153uvres majeures retrace la fascination de l\u2019artiste pour les lumi\u00e8res et les cultures de la M\u00e9diterran\u00e9e, \u00e0 Nice o\u00f9 il a fini sa vie mais aussi lors de ses nombreux voyages en Corse, en Alg\u00e9rie, en Espagne, en Italie, au Maroc&#8230;<\/p>\n<p class=\"fig-paragraph\">\u00c9crin du Second Empire,\u00a0<a href=\"http:\/\/www.lefigaro.fr\/nice\/nice-le-jardin-de-la-villa-massena-face-a-la-promenade-des-anglais-labelise-jardin-remarquable-20250410\" data-fig-type=\"NewsFlash\" data-gtm-custom-categorie=\"navigation\" data-gtm-custom-action=\"crossclick\" data-gtm-custom-label=\"Contextuel\" data-gtm-event=\"customEventSPE\" data-fig-domain=\"LEFIGARO\" rel=\"nofollow noopener\" target=\"_blank\">la villa Mass\u00e9na<\/a>\u00a0retrace l\u2019\u00e9volution du rapport de Nice avec une mer dont elle a redout\u00e9 pendant des si\u00e8cles les temp\u00eates et les envahisseurs, comme en t\u00e9moigne un boulet de l\u2019arm\u00e9e turque datant du si\u00e8ge de 1543. Puis Nice a commenc\u00e9 \u00e0 dompter la mer en am\u00e9nageant le rivage, jusqu\u2019\u00e0 ce que les Anglais viennent y inventer la vill\u00e9giature au XIXe si\u00e8cle puis que les touristes envahissent ses plages.<\/p>\n<p>Plong\u00e9e dans les abysses<\/p>\n<p class=\"fig-paragraph\">Une derni\u00e8re salle aux multiples d\u00e9clinaisons de bleu \u00e9voque enfin le tournant actuel, avec d\u2019une part deux vid\u00e9os sombres mais po\u00e9tiques des apn\u00e9istes Julie Gauthier et Guillaume N\u00e9ry, et d\u2019autre part un grand caisson de m\u00e9gots ramass\u00e9s sur la plage et un filet de p\u00eache d\u00e9bordant de d\u00e9chets plastiques. \u00abLes artistes contemporains se sont empar\u00e9s de ces enjeux qui vont \u00eatre d\u00e9battus pendant l\u2019Unoc 3: l\u2019effondrement de la biodiversit\u00e9, la surp\u00eache, le transport maritime, l\u2019acidification&#8230;\u00bb, souligne H\u00e9l\u00e8ne Genin, co-commissaire de la biennale avec l\u2019ancien ministre de la Culture Jean-Jacques Aillagon.<\/p>\n<p class=\"fig-paragraph\">Le\u00a0<a href=\"http:\/\/www.lefigaro.fr\/nice\/au-musee-de-la-photographie-de-nice-le-cocktail-nostalgique-de-robert-doisneau-20231101\" data-fig-type=\"NewsFlash\" data-gtm-custom-categorie=\"navigation\" data-gtm-custom-action=\"crossclick\" data-gtm-custom-label=\"Contextuel\" data-gtm-event=\"customEventSPE\" data-fig-domain=\"LEFIGARO\" rel=\"nofollow noopener\" target=\"_blank\">mus\u00e9e de la photographie<\/a>\u00a0expose ainsi des images saisissantes de Laurent Ballesta, chercheur et artiste, tandis qu\u2019au 109, grande halle des anciens abattoirs, Ugo Schiavi propose avec l\u2019installation \u00abLa Zone de Minuit\u00bb une plong\u00e9e sensorielle dans l\u2019obscurit\u00e9 des abysses, au milieu de cr\u00e9atures bioluminescentes.<\/p>\n<p class=\"fig-paragraph\">\u00c0 la villa Arson, \u00e9cole d\u2019art et r\u00e9sidence d\u2019artistes, une vingtaine de cr\u00e9ateurs ont travaill\u00e9 avec les fondations Tara-Oc\u00e9an et TBA21 Thyssen-Bornemisza pour t\u00e9moigner de la transformation profonde des oc\u00e9ans et du regard pr\u00e9dateur de l\u2019homme sur cet univers. La biennale propose aussi pour la premi\u00e8re fois un parcours de six installations \u00e0 travers la ville.<\/p>\n<p class=\"fig-paragraph\">Sur la tour Bellanda, pris\u00e9e pour sa vue sur\u00a0<a href=\"http:\/\/www.lefigaro.fr\/flash-actu\/nice-celebre-les-200-ans-de-sa-promenade-des-anglais-qui-longe-la-mediterranee-20240831\" data-fig-type=\"NewsFlash\" data-gtm-custom-categorie=\"navigation\" data-gtm-custom-action=\"crossclick\" data-gtm-custom-label=\"Contextuel\" data-gtm-event=\"customEventSPE\" data-fig-domain=\"LEFIGARO\" rel=\"nofollow noopener\" target=\"_blank\">la promenade des Anglais<\/a>, Nicolas Floc\u2019h a ainsi install\u00e9 des tubes de n\u00e9ons repr\u00e9sentant les circonvolutions du Gulf Stream. Et sur la digue du port,\u00a0<a href=\"http:\/\/www.lefigaro.fr\/nice\/nice-accouche-de-son-nouveau-centre-de-congres-sur-le-port-en-vue-du-sommet-onusien-sur-l-ocean-20250218\" data-fig-type=\"NewsFlash\" data-gtm-custom-categorie=\"navigation\" data-gtm-custom-action=\"crossclick\" data-gtm-custom-label=\"Contextuel\" data-gtm-event=\"customEventSPE\" data-fig-domain=\"LEFIGARO\" rel=\"nofollow noopener\" target=\"_blank\">l\u00e0 o\u00f9 se d\u00e9roulera l\u2019Unoc 3<\/a>, Emmanuel R\u00e9gent a pos\u00e9 une ligne lumineuse bleue qui s\u2019allumera \u00e0 chaque passage d\u2019un c\u00e9tac\u00e9 au large de la ville.<\/p>\n","protected":false},"excerpt":{"rendered":"Cette sixi\u00e8me biennale des arts avec onze expositions a \u00e9t\u00e9 d\u00e9cal\u00e9e d\u2019une ann\u00e9e pour co\u00efncider avec le sommet&hellip;\n","protected":false},"author":2,"featured_media":91368,"comment_status":"","ping_status":"","sticky":false,"template":"","format":"standard","meta":{"footnotes":""},"categories":[2819],"tags":[1111,11,2898,3734,2829,2971,2972,2973,2974,1777,674,2975,1011,27,2969,2970,2987,2980,11415,12,2401,2897,2976,2977,2978,2985,2986,2979,2981,2982,2983,2984,2991,2992,2993,2994,2996,2997,2998,2999,3000,3001,3002,2995,3003,3004,3005,3007,12687,2268,882,25,2988,2989,2990,2968,3006],"class_list":{"0":"post-91367","1":"post","2":"type-post","3":"status-publish","4":"format-standard","5":"has-post-thumbnail","7":"category-nice","8":"tag-actu","9":"tag-actualites","10":"tag-alpes-maritimes","11":"tag-art","12":"tag-baumettes","13":"tag-carabacel","14":"tag-caucade","15":"tag-cimiez","16":"tag-cremat","17":"tag-eu","18":"tag-europe","19":"tag-fabron","20":"tag-fr","21":"tag-france","22":"tag-larenas","23":"tag-lariane","24":"tag-le-ray","25":"tag-lingostiere","26":"tag-nations-unies","27":"tag-news","28":"tag-nice","29":"tag-nice-cote-dazur","30":"tag-nice-gairaut","31":"tag-nice-gambetta","32":"tag-nice-jean-medecin","33":"tag-nice-le-piol","34":"tag-nice-le-port","35":"tag-nice-liberation","36":"tag-nice-magnan","37":"tag-nice-mantega-mont-boron","38":"tag-nice-pasteur","39":"tag-nice-pessicart","40":"tag-nice-rue-de-france","41":"tag-nice-saint-antoine","42":"tag-nice-saint-augustin","43":"tag-nice-saint-isidore","44":"tag-nice-saint-maurice","45":"tag-nice-saint-pancrace","46":"tag-nice-saint-philippe","47":"tag-nice-saint-pierre-de-feric","48":"tag-nice-saint-roch","49":"tag-nice-saint-roman-de-bellet","50":"tag-nice-saint-sylvestre","51":"tag-nice-sainte-marguerite","52":"tag-nice-thiers","53":"tag-nice-ventabrun","54":"tag-nice-vernier","55":"tag-nice-vinaigrier","56":"tag-oceans","57":"tag-ogc-nice","58":"tag-provence-alpes-cote-dazur","59":"tag-republique-francaise","60":"tag-rimiez","61":"tag-riquier","62":"tag-roquebilliere","63":"tag-sud-est","64":"tag-vieux-nice"},"share_on_mastodon":{"url":"","error":"Validation failed: Text character limit of 500 exceeded"},"_links":{"self":[{"href":"https:\/\/www.europesays.com\/fr\/wp-json\/wp\/v2\/posts\/91367","targetHints":{"allow":["GET"]}}],"collection":[{"href":"https:\/\/www.europesays.com\/fr\/wp-json\/wp\/v2\/posts"}],"about":[{"href":"https:\/\/www.europesays.com\/fr\/wp-json\/wp\/v2\/types\/post"}],"author":[{"embeddable":true,"href":"https:\/\/www.europesays.com\/fr\/wp-json\/wp\/v2\/users\/2"}],"replies":[{"embeddable":true,"href":"https:\/\/www.europesays.com\/fr\/wp-json\/wp\/v2\/comments?post=91367"}],"version-history":[{"count":0,"href":"https:\/\/www.europesays.com\/fr\/wp-json\/wp\/v2\/posts\/91367\/revisions"}],"wp:featuredmedia":[{"embeddable":true,"href":"https:\/\/www.europesays.com\/fr\/wp-json\/wp\/v2\/media\/91368"}],"wp:attachment":[{"href":"https:\/\/www.europesays.com\/fr\/wp-json\/wp\/v2\/media?parent=91367"}],"wp:term":[{"taxonomy":"category","embeddable":true,"href":"https:\/\/www.europesays.com\/fr\/wp-json\/wp\/v2\/categories?post=91367"},{"taxonomy":"post_tag","embeddable":true,"href":"https:\/\/www.europesays.com\/fr\/wp-json\/wp\/v2\/tags?post=91367"}],"curies":[{"name":"wp","href":"https:\/\/api.w.org\/{rel}","templated":true}]}}