{"id":91375,"date":"2025-05-11T08:30:14","date_gmt":"2025-05-11T08:30:14","guid":{"rendered":"https:\/\/www.europesays.com\/fr\/91375\/"},"modified":"2025-05-11T08:30:14","modified_gmt":"2025-05-11T08:30:14","slug":"podcast-girondins-le-debrief-a-chaud-les-herbiers-bordeaux-2-0","status":"publish","type":"post","link":"https:\/\/www.europesays.com\/fr\/91375\/","title":{"rendered":"[Podcast] Girondins : le D\u00e9brief \u00e0 Chaud Les Herbiers-Bordeaux (2-0)"},"content":{"rendered":"<p><img decoding=\"async\" src=\"https:\/\/www.europesays.com\/fr\/wp-content\/uploads\/2025\/04\/671_2cf900d7be2ec3d4e2938d0c67b9930c.jpg\" alt=\"[Podcast] Girondins : le D\u00e9brief \u00e0 Chaud Les Herbiers-Bordeaux (2-0)\" class=\"img-responsive mt-3\"\/><\/p>\n<p class=\"text-center mb-3\" style=\"font-size: 14px\">\u00a9 Iconsport<\/p>\n<p style=\"text-align: justify;\">Nous vous proposons le D\u00e9brief \u00e0 Chaud Bordeaux-Granville en replay : le <a href=\"https:\/\/podcasts.webgirondins.com\/\" target=\"_blank\" rel=\"noopener\">podcast<\/a> ou directement sur <a href=\"https:\/\/www.youtube.com\/channel\/UCkyRgJ6uhixmPRaSKiEI9aw?view_as=subscriber\" target=\"_blank\" rel=\"noopener\">notre cha\u00eene YouTube<\/a>.<\/p>\n<p>Le Podcast :<\/p>\n<p>Sur YouTube :<\/p>\n<p>Ce navigateur ne supporte pas les iframes<\/p>\n<p>\u00a0<\/p>\n<p style=\"text-align: justify;\">Restez Connect\u00e9 aux infos des Girondins de Bordeaux gr\u00e2ce \u00e0 WhatsApp. Ne ratez plus aucune information importante. Rejoignez la<strong> <a href=\"https:\/\/whatsapp.com\/channel\/0029VaDygopCRs1h8xNMgI1y\" target=\"_blank\" rel=\"noopener\">cha\u00eene d&rsquo;information WhatsApp de WebGirondins<\/a><\/strong>. C&rsquo;est gratuit, avec 2 \u00e0 3 infos maximum par jour, r\u00e9sultat, interview, analyses etc.<\/p>\n<p>\u00c0 lire &gt;&gt; <a href=\"https:\/\/www.webgirondins.com\/actualite-girondins-girondins-de-bordeaux-decouvrez-les-salaires-complets-de-tous-les-joueurs-128842\" target=\"_blank\" rel=\"noopener\"><strong>Girondins de Bordeaux : d\u00e9couvrez les salaires complets de tous les joueurs !<\/strong><\/a><\/p>\n","protected":false},"excerpt":{"rendered":"\u00a9 Iconsport Nous vous proposons le D\u00e9brief \u00e0 Chaud Bordeaux-Granville en replay : le podcast ou directement sur&hellip;\n","protected":false},"author":2,"featured_media":38543,"comment_status":"","ping_status":"","sticky":false,"template":"","format":"standard","meta":{"footnotes":""},"categories":[2817],"tags":[1111,11,9108,1997,6100,12111,1777,674,1011,27,1987,19521,14979,12,2219,3725,362,25,3679,133],"class_list":{"0":"post-91375","1":"post","2":"type-post","3":"status-publish","4":"format-standard","5":"has-post-thumbnail","7":"category-bordeaux","8":"tag-actu","9":"tag-actualites","10":"tag-audio","11":"tag-bordeaux","12":"tag-chaud","13":"tag-debrief","14":"tag-eu","15":"tag-europe","16":"tag-fr","17":"tag-france","18":"tag-girondins","19":"tag-granville","20":"tag-herbiers","21":"tag-news","22":"tag-nouvelle-aquitaine","23":"tag-podcast","24":"tag-replay","25":"tag-republique-francaise","26":"tag-revivez","27":"tag-video"},"share_on_mastodon":{"url":"https:\/\/pubeurope.com\/@fr\/114488267613749746","error":""},"_links":{"self":[{"href":"https:\/\/www.europesays.com\/fr\/wp-json\/wp\/v2\/posts\/91375","targetHints":{"allow":["GET"]}}],"collection":[{"href":"https:\/\/www.europesays.com\/fr\/wp-json\/wp\/v2\/posts"}],"about":[{"href":"https:\/\/www.europesays.com\/fr\/wp-json\/wp\/v2\/types\/post"}],"author":[{"embeddable":true,"href":"https:\/\/www.europesays.com\/fr\/wp-json\/wp\/v2\/users\/2"}],"replies":[{"embeddable":true,"href":"https:\/\/www.europesays.com\/fr\/wp-json\/wp\/v2\/comments?post=91375"}],"version-history":[{"count":0,"href":"https:\/\/www.europesays.com\/fr\/wp-json\/wp\/v2\/posts\/91375\/revisions"}],"wp:featuredmedia":[{"embeddable":true,"href":"https:\/\/www.europesays.com\/fr\/wp-json\/wp\/v2\/media\/38543"}],"wp:attachment":[{"href":"https:\/\/www.europesays.com\/fr\/wp-json\/wp\/v2\/media?parent=91375"}],"wp:term":[{"taxonomy":"category","embeddable":true,"href":"https:\/\/www.europesays.com\/fr\/wp-json\/wp\/v2\/categories?post=91375"},{"taxonomy":"post_tag","embeddable":true,"href":"https:\/\/www.europesays.com\/fr\/wp-json\/wp\/v2\/tags?post=91375"}],"curies":[{"name":"wp","href":"https:\/\/api.w.org\/{rel}","templated":true}]}}