{"id":91376,"date":"2025-05-11T08:31:13","date_gmt":"2025-05-11T08:31:13","guid":{"rendered":"https:\/\/www.europesays.com\/fr\/91376\/"},"modified":"2025-05-11T08:31:13","modified_gmt":"2025-05-11T08:31:13","slug":"a-pleine-vitesse-il-prend-lautoroute-a-contresens","status":"publish","type":"post","link":"https:\/\/www.europesays.com\/fr\/91376\/","title":{"rendered":"\u00e0 pleine vitesse, il prend l&rsquo;autoroute \u00e0 contresens"},"content":{"rendered":"<p>            Par<br \/>\n        <strong><br \/>\n            <a href=\"https:\/\/actu.fr\/auteur\/marie-lamarque\" title=\"Consulter tous les articles de Marie Lamarque\" rel=\"nofollow noopener\" target=\"_blank\">Marie Lamarque<\/a><br \/>\n        <\/strong><\/p>\n<p>        Publi\u00e9 le<\/p>\n<p>            11 mai 2025 \u00e0 9h20        <\/p>\n<p>Pour \u00e9chapper au contr\u00f4le des gendarmes, le conducteur du scooter a pris tous les risques. Vendredi 2 mai 2025, les agents du Peloton Motoris\u00e9 (PMO) de Muret sont mobilis\u00e9s \u00e0 Roques, au sud de <a href=\"https:\/\/actu.fr\/toulouse\/\" rel=\"nofollow noopener\" target=\"_blank\">Toulouse<\/a>, pour une op\u00e9ration sur les routes. Quand ils tombent sur un homme bien d\u00e9cid\u00e9 \u00e0 ne pas s\u2019arr\u00eater.<\/p>\n<p>    <a href=\"https:\/\/www.google.com\/maps\/embed?pb=!1m18!1m12!1m3!1d185201.4390950933!2d1.192820504581219!3d43.50708155741139!2m3!1f0!2f0!3f0!3m2!1i1024!2i768!4f13.1!3m3!1m2!1s0x12aeb78520a07797%3A0x406f69c2f411640!2s31120%20Roques!5e0!3m2!1sfr!2sfr!4v1746947784374!5m2!1sfr!2sfr\" title=\"Ouvrie le lien\" rel=\"nofollow noopener\" target=\"_blank\">Cliquez ici pour visualiser le contenu<\/a><\/p>\n<p>Il prend l\u2019A64 \u00e0 contresens<\/p>\n<p class=\" wall-content\">\u00c0 bord de son scooter, l\u2019individu percute un v\u00e9hicule de gendarmerie avant de prendre la fuite \u00e0 vive allure. Il multiplie les infractions et va jusqu\u2019\u00e0 emprunter <strong>l\u2019A64 \u00e0 contresens<\/strong>. \u00ab\u00a0Il jette m\u00eame son casque sur un v\u00e9hicule qui le suivait\u00a0\u00bb, indiquent les gendarmes.<\/p>\n<p class=\" wall-content\">Pour la s\u00e9curit\u00e9 des usagers et de l\u2019int\u00e9ress\u00e9, les forces de l\u2019ordre d\u00e9cident d\u2019interrompre la poursuite.<\/p>\n<p>Condamn\u00e9 \u00e0 30 mois de prison<\/p>\n<p class=\" wall-content\">Mais l\u2019homme est n\u00e9anmoins bien identifi\u00e9. Il est interpell\u00e9 le lendemain des faits, puis plac\u00e9 en garde \u00e0 vue.<\/p>\n<p class=\" wall-content\">Pr\u00e9sent\u00e9 devant un juge en comparution imm\u00e9diate le mardi 6 mai, il est <strong>condamn\u00e9 \u00e0 30 mois de prison<\/strong>, dont six mois avec sursis, avec incarc\u00e9ration imm\u00e9diate.<\/p>\n<p class=\" wall-content\">Suivez toute l\u2019actualit\u00e9 de vos villes et m\u00e9dias favoris en vous inscrivant \u00e0 <a href=\"https:\/\/moncompte.actu.fr\" title=\"D\u00e9couvez Mon Actu\" rel=\"nofollow noopener\" data-trk=\"{&quot;cta&quot;:{&quot;action&quot;:&quot;https:\\\/\\\/moncompte.actu.fr&quot;,&quot;category&quot;:&quot;mon compte&quot;,&quot;from&quot;:&quot;article footer&quot;,&quot;name&quot;:&quot;Mon actu&quot;,&quot;type&quot;:&quot;cta&quot;}}\" target=\"_blank\">Mon Actu<\/a>.<\/p>\n","protected":false},"excerpt":{"rendered":"Par Marie Lamarque Publi\u00e9 le 11 mai 2025 \u00e0 9h20 Pour \u00e9chapper au contr\u00f4le des gendarmes, le conducteur&hellip;\n","protected":false},"author":2,"featured_media":91377,"comment_status":"","ping_status":"","sticky":false,"template":"","format":"standard","meta":{"footnotes":""},"categories":[2816],"tags":[1111,11,1777,674,118,1011,27,3381,12,2680,25,2312],"class_list":{"0":"post-91376","1":"post","2":"type-post","3":"status-publish","4":"format-standard","5":"has-post-thumbnail","7":"category-toulouse","8":"tag-actu","9":"tag-actualites","10":"tag-eu","11":"tag-europe","12":"tag-faits-divers","13":"tag-fr","14":"tag-france","15":"tag-gendarmerie","16":"tag-news","17":"tag-occitanie","18":"tag-republique-francaise","19":"tag-toulouse"},"share_on_mastodon":{"url":"https:\/\/pubeurope.com\/@fr\/114488271641080542","error":""},"_links":{"self":[{"href":"https:\/\/www.europesays.com\/fr\/wp-json\/wp\/v2\/posts\/91376","targetHints":{"allow":["GET"]}}],"collection":[{"href":"https:\/\/www.europesays.com\/fr\/wp-json\/wp\/v2\/posts"}],"about":[{"href":"https:\/\/www.europesays.com\/fr\/wp-json\/wp\/v2\/types\/post"}],"author":[{"embeddable":true,"href":"https:\/\/www.europesays.com\/fr\/wp-json\/wp\/v2\/users\/2"}],"replies":[{"embeddable":true,"href":"https:\/\/www.europesays.com\/fr\/wp-json\/wp\/v2\/comments?post=91376"}],"version-history":[{"count":0,"href":"https:\/\/www.europesays.com\/fr\/wp-json\/wp\/v2\/posts\/91376\/revisions"}],"wp:featuredmedia":[{"embeddable":true,"href":"https:\/\/www.europesays.com\/fr\/wp-json\/wp\/v2\/media\/91377"}],"wp:attachment":[{"href":"https:\/\/www.europesays.com\/fr\/wp-json\/wp\/v2\/media?parent=91376"}],"wp:term":[{"taxonomy":"category","embeddable":true,"href":"https:\/\/www.europesays.com\/fr\/wp-json\/wp\/v2\/categories?post=91376"},{"taxonomy":"post_tag","embeddable":true,"href":"https:\/\/www.europesays.com\/fr\/wp-json\/wp\/v2\/tags?post=91376"}],"curies":[{"name":"wp","href":"https:\/\/api.w.org\/{rel}","templated":true}]}}