{"id":91384,"date":"2025-05-11T08:35:08","date_gmt":"2025-05-11T08:35:08","guid":{"rendered":"https:\/\/www.europesays.com\/fr\/91384\/"},"modified":"2025-05-11T08:35:08","modified_gmt":"2025-05-11T08:35:08","slug":"lhistorien-patrick-boulanger-ressuscite-les-pas-discrets-mais-decisifs-de-jean-moulin-a-marseille","status":"publish","type":"post","link":"https:\/\/www.europesays.com\/fr\/91384\/","title":{"rendered":"L&rsquo;historien Patrick Boulanger ressuscite les pas discrets, mais d\u00e9cisifs, de Jean Moulin \u00e0 Marseille"},"content":{"rendered":"<p>Marseille, 1941. Un homme marche sur la Canebi\u00e8re, moustache fine, foulard lie-de-vin nou\u00e9 autour du cou, lunettes sombres. Officiellement, il s&rsquo;appelle Joseph Mercier, professeur de droit en route vers les \u00c9tats-Unis. En r\u00e9alit\u00e9, il s&rsquo;agit de Jean Moulin, ancien pr\u00e9fet r\u00e9voqu\u00e9, futur unificateur de la R\u00e9sistance int\u00e9rieure fran\u00e7aise, clandestin traqu\u00e9 par la Gestapo.<\/p>\n","protected":false},"excerpt":{"rendered":"Marseille, 1941. Un homme marche sur la Canebi\u00e8re, moustache fine, foulard lie-de-vin nou\u00e9 autour du cou, lunettes sombres.&hellip;\n","protected":false},"author":2,"featured_media":91385,"comment_status":"","ping_status":"","sticky":false,"template":"","format":"standard","meta":{"footnotes":""},"categories":[2814],"tags":[17,1111,11,6247,20246,1777,674,1011,27,20244,151,2831,884,12,5261,12012,882,25,20245],"class_list":{"0":"post-91384","1":"post","2":"type-post","3":"status-publish","4":"format-standard","5":"has-post-thumbnail","7":"category-marseille","8":"tag-17","9":"tag-actu","10":"tag-actualites","11":"tag-boulanger","12":"tag-discrets","13":"tag-eu","14":"tag-europe","15":"tag-fr","16":"tag-france","17":"tag-lhistorien","18":"tag-les","19":"tag-loisirs-traditions","20":"tag-marseille","21":"tag-news","22":"tag-pas","23":"tag-patrick","24":"tag-provence-alpes-cote-dazur","25":"tag-republique-francaise","26":"tag-ressuscite"},"share_on_mastodon":{"url":"https:\/\/pubeurope.com\/@fr\/114488287394054615","error":""},"_links":{"self":[{"href":"https:\/\/www.europesays.com\/fr\/wp-json\/wp\/v2\/posts\/91384","targetHints":{"allow":["GET"]}}],"collection":[{"href":"https:\/\/www.europesays.com\/fr\/wp-json\/wp\/v2\/posts"}],"about":[{"href":"https:\/\/www.europesays.com\/fr\/wp-json\/wp\/v2\/types\/post"}],"author":[{"embeddable":true,"href":"https:\/\/www.europesays.com\/fr\/wp-json\/wp\/v2\/users\/2"}],"replies":[{"embeddable":true,"href":"https:\/\/www.europesays.com\/fr\/wp-json\/wp\/v2\/comments?post=91384"}],"version-history":[{"count":0,"href":"https:\/\/www.europesays.com\/fr\/wp-json\/wp\/v2\/posts\/91384\/revisions"}],"wp:featuredmedia":[{"embeddable":true,"href":"https:\/\/www.europesays.com\/fr\/wp-json\/wp\/v2\/media\/91385"}],"wp:attachment":[{"href":"https:\/\/www.europesays.com\/fr\/wp-json\/wp\/v2\/media?parent=91384"}],"wp:term":[{"taxonomy":"category","embeddable":true,"href":"https:\/\/www.europesays.com\/fr\/wp-json\/wp\/v2\/categories?post=91384"},{"taxonomy":"post_tag","embeddable":true,"href":"https:\/\/www.europesays.com\/fr\/wp-json\/wp\/v2\/tags?post=91384"}],"curies":[{"name":"wp","href":"https:\/\/api.w.org\/{rel}","templated":true}]}}