{"id":91392,"date":"2025-05-11T08:39:08","date_gmt":"2025-05-11T08:39:08","guid":{"rendered":"https:\/\/www.europesays.com\/fr\/91392\/"},"modified":"2025-05-11T08:39:08","modified_gmt":"2025-05-11T08:39:08","slug":"greves-licenciements-depart-de-paris-y-a-t-il-trop-de-salles-descalade-en-ile-de-france","status":"publish","type":"post","link":"https:\/\/www.europesays.com\/fr\/91392\/","title":{"rendered":"Gr\u00e8ves, licenciements, d\u00e9part de Paris\u2026 Y a-t-il trop de salles d\u2019escalade en \u00cele-de-France\u00a0?"},"content":{"rendered":"<p class=\"paragraph text_align_left\">Avec ses 2 000 m2, la salle de blocs que s\u2019appr\u00eate \u00e0 ouvrir <a href=\"https:\/\/www.leparisien.fr\/jo-paris-2024\/jo-paris-2024-a-pantin-a-cote-dathletes-et-en-famille-bienvenue-dans-lun-des-coeurs-battants-de-lescalade-06-08-2024-3NN63A3S55FM7I7YHRS3LC2WKI.php\" target=\"_blank\" rel=\"nofollow noopener\">Arkose<\/a>, le 2 juin au <a href=\"https:\/\/www.leparisien.fr\/seine-saint-denis-93\/padel-escalade-resto-a-saint-denis-le-centre-aquatique-olympique-se-transforme-avant-douvrir-au-public-23-02-2025-S3OIQMXJRZG57K22LW3BCI537E.php\" target=\"_blank\" rel=\"nofollow noopener\">centre aquatique olympique<\/a>, \u00e0 Saint-Denis, sera la quatri\u00e8me plus grande de son r\u00e9seau de trente \u00e9tablissements en France. Entre 20 et 30 personnes y travailleront. Mais ce nouveau point d\u2019ancrage de l\u2019enseigne tricolore, leader de la grimpe indoor en Europe avec un chiffre d\u2019affaires de 47 millions d\u2019euros, cache une crise de <a href=\"https:\/\/www.leparisien.fr\/seine-saint-denis-93\/la-vertigineuse-ascension-des-salles-descalade-en-ile-de-france-06-05-2022-QE6753B6XVHC7LPAVGYVSVEMEE.php#:~:text=%C2%AB%20Une%20croissance%20annuelle%20%C3%A0%20deux,Union%20des%20salles%20d&#039;escalade.\" target=\"_blank\" rel=\"nofollow noopener\">croissance du march\u00e9<\/a>, un peu plus spectaculaire en \u00cele-de-France que dans le reste du pays.<\/p>\n<p class=\"paragraph text_align_left\">Des <a href=\"https:\/\/www.leparisien.fr\/seine-saint-denis-93\/greve-petition-usure-physique-avis-de-tempete-sur-la-plus-grande-salle-descalade-au-monde-a-aubervilliers-04-04-2025-2OH7DUS6MZEHHLDR3RKE5ALK6Y.php\" target=\"_blank\" rel=\"nofollow noopener\">mouvements de gr\u00e8ve,<\/a> les premiers de ce secteur qui se professionnalise, touchent depuis la fin mars les enseignes <a href=\"https:\/\/www.leparisien.fr\/sports\/escalade-bienvenue-dans-la-plus-grande-salle-du-monde-paradis-des-grimpeurs-de-tous-niveaux-26-04-2022-XGKJSO6UVVH4ZHZHMJ3NPEI3QU.php\" target=\"_blank\" rel=\"nofollow noopener\">Climb Up<\/a> et <a href=\"https:\/\/www.leparisien.fr\/sports\/un-mur-descalade-dans-une-ancienne-chapelle-une-elevation-a-la-fois-physique-et-spirituelle-31-01-2023-KBMZ77SZZNGTNL2FEYLS6236KY.php\" target=\"_blank\" rel=\"nofollow noopener\">Climbing District<\/a>, \u00e0 Aubervilliers et Paris. Des attentes en mati\u00e8re de r\u00e9mun\u00e9ration et de conditions de travail surgissent et prennent un peu de court les dirigeants. L\u2019ambiance se tend, jugent certains salari\u00e9s \u00e0 qui l\u2019on demande de \u00ab faire du chiffre \u00bb et de \u00ab mettre le paquet sur les abonnements et les cartes de dix entr\u00e9es \u00bb.<\/p>\n","protected":false},"excerpt":{"rendered":"Avec ses 2 000 m2, la salle de blocs que s\u2019appr\u00eate \u00e0 ouvrir Arkose, le 2 juin au&hellip;\n","protected":false},"author":2,"featured_media":91393,"comment_status":"","ping_status":"","sticky":false,"template":"","format":"standard","meta":{"footnotes":""},"categories":[1592],"tags":[1111,11,1777,674,1011,27,662,1944,12,626,25,1945,60],"class_list":{"0":"post-91392","1":"post","2":"type-post","3":"status-publish","4":"format-standard","5":"has-post-thumbnail","7":"category-ile-de-france","8":"tag-actu","9":"tag-actualites","10":"tag-eu","11":"tag-europe","12":"tag-fr","13":"tag-france","14":"tag-ile-de-france","15":"tag-ma-ville","16":"tag-news","17":"tag-paris","18":"tag-republique-francaise","19":"tag-seine-saint-denis","20":"tag-sports"},"share_on_mastodon":{"url":"https:\/\/pubeurope.com\/@fr\/114488302854922815","error":""},"_links":{"self":[{"href":"https:\/\/www.europesays.com\/fr\/wp-json\/wp\/v2\/posts\/91392","targetHints":{"allow":["GET"]}}],"collection":[{"href":"https:\/\/www.europesays.com\/fr\/wp-json\/wp\/v2\/posts"}],"about":[{"href":"https:\/\/www.europesays.com\/fr\/wp-json\/wp\/v2\/types\/post"}],"author":[{"embeddable":true,"href":"https:\/\/www.europesays.com\/fr\/wp-json\/wp\/v2\/users\/2"}],"replies":[{"embeddable":true,"href":"https:\/\/www.europesays.com\/fr\/wp-json\/wp\/v2\/comments?post=91392"}],"version-history":[{"count":0,"href":"https:\/\/www.europesays.com\/fr\/wp-json\/wp\/v2\/posts\/91392\/revisions"}],"wp:featuredmedia":[{"embeddable":true,"href":"https:\/\/www.europesays.com\/fr\/wp-json\/wp\/v2\/media\/91393"}],"wp:attachment":[{"href":"https:\/\/www.europesays.com\/fr\/wp-json\/wp\/v2\/media?parent=91392"}],"wp:term":[{"taxonomy":"category","embeddable":true,"href":"https:\/\/www.europesays.com\/fr\/wp-json\/wp\/v2\/categories?post=91392"},{"taxonomy":"post_tag","embeddable":true,"href":"https:\/\/www.europesays.com\/fr\/wp-json\/wp\/v2\/tags?post=91392"}],"curies":[{"name":"wp","href":"https:\/\/api.w.org\/{rel}","templated":true}]}}