{"id":91397,"date":"2025-05-11T08:43:08","date_gmt":"2025-05-11T08:43:08","guid":{"rendered":"https:\/\/www.europesays.com\/fr\/91397\/"},"modified":"2025-05-11T08:43:08","modified_gmt":"2025-05-11T08:43:08","slug":"bagages-oublies-dans-le-metro-comment-les-chiens-de-la-brigade-cynotechnique-font-gagner-de-precieuses-minutes","status":"publish","type":"post","link":"https:\/\/www.europesays.com\/fr\/91397\/","title":{"rendered":"Bagages oubli\u00e9s dans le m\u00e9tro\u00a0: comment les chiens de la brigade cynotechnique font gagner de pr\u00e9cieuses minutes"},"content":{"rendered":"<p class=\"paragraph text_align_left\">Dans le hub de Ch\u00e2telet, les usagers ne semblent pas particuli\u00e8rement \u00e9tonn\u00e9s de voir cette fine \u00e9quipe sillonner la station. \u00ab Vous pouvez m\u2019indiquer quel RER je dois prendre pour rejoindre La D\u00e9fense ? Je suis perdu \u00bb, demande un homme \u00e0 Alexandre. \u00c0 leurs pieds, Tao, sans museli\u00e8re, ne moufte pas, mais sa truffe, elle, remue dans tous les sens. \u00ab Il est en train de prendre les flux d\u2019airs \u00bb, d\u00e9crypte Alexandre. Le malinois est \u00e0 l\u2019aff\u00fbt de toute odeur suspecte qui signalerait <a href=\"https:\/\/www.leparisien.fr\/culture-loisirs\/sortir-region-parisienne\/des-chiens-renifleurs-d-explosifs-arrivent-dans-le-metro-et-le-rer-04-12-2016-6412881.php\" target=\"_self\" rel=\"nofollow noopener\">la pr\u00e9sence d\u2019explosifs<\/a>. C\u2019est sa mission : se rendre sur les lieux o\u00f9 un paquet d\u00e9laiss\u00e9 a \u00e9t\u00e9 signal\u00e9 pour s\u2019assurer que le colis ne pr\u00e9sente aucun danger.<\/p>\n","protected":false},"excerpt":{"rendered":"Dans le hub de Ch\u00e2telet, les usagers ne semblent pas particuli\u00e8rement \u00e9tonn\u00e9s de voir cette fine \u00e9quipe sillonner&hellip;\n","protected":false},"author":2,"featured_media":91398,"comment_status":"","ping_status":"","sticky":false,"template":"","format":"standard","meta":{"footnotes":""},"categories":[1888],"tags":[11,1867,1777,674,1011,27,1944,12,626,25,2382],"class_list":{"0":"post-91397","1":"post","2":"type-post","3":"status-publish","4":"format-standard","5":"has-post-thumbnail","7":"category-paris","8":"tag-actualites","9":"tag-animaux","10":"tag-eu","11":"tag-europe","12":"tag-fr","13":"tag-france","14":"tag-ma-ville","15":"tag-news","16":"tag-paris","17":"tag-republique-francaise","18":"tag-transport-idf-oise"},"share_on_mastodon":{"url":"https:\/\/pubeurope.com\/@fr\/114488318551250534","error":""},"_links":{"self":[{"href":"https:\/\/www.europesays.com\/fr\/wp-json\/wp\/v2\/posts\/91397","targetHints":{"allow":["GET"]}}],"collection":[{"href":"https:\/\/www.europesays.com\/fr\/wp-json\/wp\/v2\/posts"}],"about":[{"href":"https:\/\/www.europesays.com\/fr\/wp-json\/wp\/v2\/types\/post"}],"author":[{"embeddable":true,"href":"https:\/\/www.europesays.com\/fr\/wp-json\/wp\/v2\/users\/2"}],"replies":[{"embeddable":true,"href":"https:\/\/www.europesays.com\/fr\/wp-json\/wp\/v2\/comments?post=91397"}],"version-history":[{"count":0,"href":"https:\/\/www.europesays.com\/fr\/wp-json\/wp\/v2\/posts\/91397\/revisions"}],"wp:featuredmedia":[{"embeddable":true,"href":"https:\/\/www.europesays.com\/fr\/wp-json\/wp\/v2\/media\/91398"}],"wp:attachment":[{"href":"https:\/\/www.europesays.com\/fr\/wp-json\/wp\/v2\/media?parent=91397"}],"wp:term":[{"taxonomy":"category","embeddable":true,"href":"https:\/\/www.europesays.com\/fr\/wp-json\/wp\/v2\/categories?post=91397"},{"taxonomy":"post_tag","embeddable":true,"href":"https:\/\/www.europesays.com\/fr\/wp-json\/wp\/v2\/tags?post=91397"}],"curies":[{"name":"wp","href":"https:\/\/api.w.org\/{rel}","templated":true}]}}