{"id":9140,"date":"2025-04-08T01:47:17","date_gmt":"2025-04-08T01:47:17","guid":{"rendered":"https:\/\/www.europesays.com\/fr\/9140\/"},"modified":"2025-04-08T01:47:17","modified_gmt":"2025-04-08T01:47:17","slug":"a-quoi-ressemble-une-france-100-cyclable-reponse-en-images","status":"publish","type":"post","link":"https:\/\/www.europesays.com\/fr\/9140\/","title":{"rendered":"\u00c0 quoi ressemble une France 100 % cyclable ? R\u00e9ponse en images"},"content":{"rendered":"<p>Pas de grands discours, pas de slogans creux, juste des images, des faits, des citoyens sur le terrain. Depuis plusieurs mois, J\u00e9r\u00f4me Zindy parcourt la France \u00e0 v\u00e9lo (et en train) avec ses cam\u00e9ras. Sa webs\u00e9rie \u00ab\u00a0La France cyclable\u00a0\u00bb, soutenue par l\u2019ADEME via le programme AVELO, met en lumi\u00e8re des collectivit\u00e9s, grandes ou petites, rurales ou urbaines, qui mettent en place des politiques cyclables concr\u00e8tes. Une plong\u00e9e utile dans les coulisses d\u2019une France qui avance, un coup de p\u00e9dale apr\u00e8s l&rsquo;autre.<\/p>\n<p>Webs\u00e9rie La France Cyclable : la France, tu l&rsquo;aimes et tu la cycles<\/p>\n<p>\u00ab\u00a0La France, tu l&rsquo;aimes et tu la cycles\u00a0\u00bb &#8211; Il y a maintenant fort longtemps, nous avions imagin\u00e9 ce titre qui collait parfaitement \u00e0 la ligne \u00e9ditoriale de Weelz! (coucou Nico). L&rsquo;objectif \u00e9tait de produire une s\u00e9rie de reportages pour mettre en avant\u00a0des projets v\u00e9lo un peu partout dans l&rsquo;Hexagone. Nous aurions sans doute d\u00fb \u00e0 l&rsquo;\u00e9poque contacter l&rsquo;Ademe pour qu&rsquo;ils nous accompagnent. Fl\u00fbte !<\/p>\n<p><a href=\"https:\/\/www.europesays.com\/fr\/wp-content\/uploads\/2025\/04\/screenshot-www.youtube.com-028-2-que-vous-manque-t-il-pour-faire-plus-de-velo-la-france-cyclable-epi.webp\"><img loading=\"lazy\" decoding=\"async\" width=\"958\" height=\"622\" src=\"data:image\/gif;base64,R0lGODlhAQABAIAAAAAAAP\/\/\/yH5BAEAAAAALAAAAAABAAEAAAIBRAA7\" data-lazy-type=\"image\" data-lazy-src=\"https:\/\/www.europesays.com\/fr\/wp-content\/uploads\/2025\/04\/screenshot-www.youtube.com-028-2-que-vous-manque-t-il-pour-faire-plus-de-velo-la-france-cyclable-epi.webp\" alt=\"J\u00e9r\u00f4me Zindy et sa webs\u00e9rie La France Cyclable\" class=\"lazy lazy-hidden wp-image-64465\" data-lazy- data-lazy-\/><\/a><\/p>\n<p>Mais nous ne sommes pas les seuls \u00e0 avoir de bonnes id\u00e9es, loin de l\u00e0. J\u00e9r\u00f4me Zindy avait lui aussi en t\u00eate de documenter cette transition. Depuis quelques ann\u00e9es, le cr\u00e9do de celui qui se d\u00e9finit <a href=\"https:\/\/www.jeromezindy.fr\/\" target=\"_blank\" rel=\"noopener\">comme un v\u00e9lo-reporter<\/a> : aller sur le terrain, rencontrer les \u00e9lus, les techniciens, les usagers.<\/p>\n<p>Le tout en mode bas-carbone : uniquement \u00e0 v\u00e9lo et en train. R\u00e9sultat, une webs\u00e9rie documentaire r\u00e9aliste, incarn\u00e9e, et \u00e0 faible impact CO2. Une ligne \u00e9ditoriale claire : montrer ce qui se fait, sans ang\u00e9lisme, sans mise en sc\u00e8ne inutile. Du concret, loin des grands discours politiques.<\/p>\n<p>Des territoires qui p\u00e9dalent<\/p>\n<p>Les sept \u00e9pisodes d\u00e9j\u00e0 publi\u00e9s (\u00e0 l&rsquo;heure o\u00f9 nous \u00e9crivons ces lignes) explorent chacun un aspect d&rsquo;une politique cyclable locale. Leur point commun : tous ces territoires ont \u00e9t\u00e9 accompagn\u00e9s\u00a0par l&rsquo;Ademe\u00a0et son programme AVELO.<\/p>\n<p><a href=\"https:\/\/www.europesays.com\/fr\/wp-content\/uploads\/2025\/04\/5df6g4df646dgfh46gdf54h.webp.webp\"><img loading=\"lazy\" decoding=\"async\" width=\"1280\" height=\"720\" src=\"data:image\/gif;base64,R0lGODlhAQABAIAAAAAAAP\/\/\/yH5BAEAAAAALAAAAAABAAEAAAIBRAA7\" data-lazy-type=\"image\" data-lazy-src=\"https:\/\/www.europesays.com\/fr\/wp-content\/uploads\/2025\/04\/5df6g4df646dgfh46gdf54h.webp.webp\" alt=\"\" class=\"lazy lazy-hidden wp-image-64462\" data-lazy- data-lazy-\/><\/a><\/p>\n<p>\u00c0 Mayenne, on parle sch\u00e9ma directeur. En Corr\u00e8ze, on r\u00e9fl\u00e9chit \u00e0 l\u2019usage des routes secondaires rurales. \u00c0 Concarneau, c\u2019est la location-test de v\u00e9los \u00e0 assistance \u00e9lectrique qui permet \u00e0 des habitants de franchir le pas. D\u2019autres zooms concernent Chamb\u00e9ry, Cluny ou encore Bourget-du-Lac.<\/p>\n<p>\u00c0 chaque fois, des acteurs locaux prennent la parole. \u00c9lus, techniciens, responsables de la mobilit\u00e9 : tous t\u00e9moignent d\u2019un changement \u00e0 l\u2019\u0153uvre, parfois lent, mais bien r\u00e9el. Le format court et dynamique permet d\u2019entrer facilement dans ces r\u00e9alit\u00e9s de terrain. Et de constater qu\u2019il n\u2019y a pas une seule mani\u00e8re de devenir \u201ccyclable\u201d.<\/p>\n<p>Montrer que c\u2019est possible, ici et maintenant<\/p>\n<p><a href=\"https:\/\/www.europesays.com\/fr\/wp-content\/uploads\/2025\/04\/screenshot-www.youtube.com-029-2-quels-sont-les-secrets-dun-reseau-cyclable-reussi-la-france-cyclabl.webp\"><img loading=\"lazy\" decoding=\"async\" width=\"952\" height=\"631\" src=\"data:image\/gif;base64,R0lGODlhAQABAIAAAAAAAP\/\/\/yH5BAEAAAAALAAAAAABAAEAAAIBRAA7\" data-lazy-type=\"image\" data-lazy-src=\"https:\/\/www.europesays.com\/fr\/wp-content\/uploads\/2025\/04\/screenshot-www.youtube.com-029-2-quels-sont-les-secrets-dun-reseau-cyclable-reussi-la-france-cyclabl.webp\" alt=\"\" class=\"lazy lazy-hidden wp-image-64466\" data-lazy- data-lazy-\/><\/a><\/p>\n<p>L\u2019int\u00e9r\u00eat de cette webs\u00e9rie La France cyclable ? Elle ne vend pas un avenir fantasm\u00e9. Elle montre ce qui est d\u00e9j\u00e0 l\u00e0. Des infrastructures, des dispositifs, des id\u00e9es, des personnes motiv\u00e9es. Et ce, dans des coins de France qu\u2019on ne cite pas souvent quand on parle de mobilit\u00e9 : pas seulement Paris ou Strasbourg, mais aussi Auriac, Cluny, Concarneau&#8230; Une transition cyclable pens\u00e9e et mise en \u0153uvre \u00e0 l\u2019\u00e9chelle locale, l\u00e0 o\u00f9 tout commence vraiment.<\/p>\n<p>La France cyclable : une webs\u00e9rie \u00e0 suivre<\/p>\n<p><a href=\"https:\/\/www.europesays.com\/fr\/wp-content\/uploads\/2025\/04\/screenshot-www.youtube.com-027-2-tester-un-velo-a-assistance-electrique-avant-de-sequiper-la-france-.webp\"><img loading=\"lazy\" decoding=\"async\" width=\"1002\" height=\"629\" src=\"data:image\/gif;base64,R0lGODlhAQABAIAAAAAAAP\/\/\/yH5BAEAAAAALAAAAAABAAEAAAIBRAA7\" data-lazy-type=\"image\" data-lazy-src=\"https:\/\/www.europesays.com\/fr\/wp-content\/uploads\/2025\/04\/screenshot-www.youtube.com-027-2-tester-un-velo-a-assistance-electrique-avant-de-sequiper-la-france-.webp\" alt=\"\" class=\"lazy lazy-hidden wp-image-64467\" data-lazy- data-lazy-\/><\/a><\/p>\n<p>\u00ab\u00a0La France cyclable\u00a0\u00bb n\u2019est pas termin\u00e9e : de nouveaux \u00e9pisodes sont en cours de tournage. On vous conseille de jeter un \u0153il \u00e0 la playlist YouTube d\u00e9j\u00e0 en ligne (ci-dessous), et de suivre la suite de cette initiative.<\/p>\n<p>Ce n\u2019est ni une pub pour le v\u00e9lo, ni une d\u00e9nonciation des retards fran\u00e7ais : simplement un miroir tendu \u00e0 notre quotidien. Et si \u00e7a peut aider quelques \u00e9lus, agents ou citoyens \u00e0 avancer eux aussi sur la voie cyclable, c\u2019est tout b\u00e9n\u00e9f.<\/p>\n<p>Les \u00e9pisodes d\u00e9j\u00e0 parus<\/p>\n<tr>TitreLocalisationTerritoireVid\u00e9o<\/tr>\n<tr>\n<td class=\"has-text-align-left\" data-align=\"left\">Que vous manque-t-il pour faire plus de v\u00e9lo?<\/td>\n<td class=\"has-text-align-left\" data-align=\"left\">France (introduction g\u00e9n\u00e9rale)<\/td>\n<td class=\"has-text-align-left\" data-align=\"left\">\u2014<\/td>\n<td class=\"has-text-align-center\" data-align=\"center\"><a href=\"https:\/\/www.youtube.com\/watch?v=GJLKSDA-tq4&amp;list=PL3fWjGB5YMqauSA1LCatfWU-tWAFn7pOb&amp;index=7\" target=\"_blank\" rel=\"noopener\">Voir la vid\u00e9o<\/a><\/td>\n<\/tr>\n<tr>\n<td class=\"has-text-align-left\" data-align=\"left\">On en est o\u00f9 du v\u00e9lo en France?<\/td>\n<td class=\"has-text-align-left\" data-align=\"left\">Valbonne (PACA)<\/td>\n<td class=\"has-text-align-left\" data-align=\"left\">Programme AVELO (ADEME)<\/td>\n<td class=\"has-text-align-center\" data-align=\"center\"><a href=\"https:\/\/youtu.be\/fUGxAbgBzCM?list=PL3fWjGB5YMqauSA1LCatfWU-tWAFn7pOb\" target=\"_blank\" rel=\"noopener\">Voir la vid\u00e9o<\/a><\/td>\n<\/tr>\n<tr>\n<td class=\"has-text-align-left\" data-align=\"left\">Un sch\u00e9ma directeur cyclable : c\u2019est quoi?<\/td>\n<td class=\"has-text-align-left\" data-align=\"left\">Mayenne (Pays de la Loire)<\/td>\n<td class=\"has-text-align-left\" data-align=\"left\">Ville de Mayenne<\/td>\n<td class=\"has-text-align-center\" data-align=\"center\"><a href=\"https:\/\/youtu.be\/cf_MSTB_lEQ?list=PL3fWjGB5YMqauSA1LCatfWU-tWAFn7pOb\" target=\"_blank\" rel=\"noopener\">Voir la vid\u00e9o<\/a><\/td>\n<\/tr>\n<tr>\n<td class=\"has-text-align-left\" data-align=\"left\">Quels sont les secrets d\u2019un r\u00e9seau cyclable r\u00e9ussi?<\/td>\n<td class=\"has-text-align-left\" data-align=\"left\">Chamb\u00e9ry et Bourget-du-Lac (Auvergne-Rh\u00f4ne-Alpes)<\/td>\n<td class=\"has-text-align-left\" data-align=\"left\">Grand Chamb\u00e9ry \/ Communaut\u00e9 de communes du Lac du Bourget<\/td>\n<td class=\"has-text-align-center\" data-align=\"center\"><a href=\"https:\/\/youtu.be\/-1Jyf0pb1jA?list=PL3fWjGB5YMqauSA1LCatfWU-tWAFn7pOb\" target=\"_blank\" rel=\"noopener\">Voir la vid\u00e9o<\/a><\/td>\n<\/tr>\n<tr>\n<td class=\"has-text-align-left\" data-align=\"left\">Comment d\u00e9velopper un r\u00e9seau cyclable en campagne?<\/td>\n<td class=\"has-text-align-left\" data-align=\"left\">Auriac (Corr\u00e8ze, Nouvelle-Aquitaine)<\/td>\n<td class=\"has-text-align-left\" data-align=\"left\">Communaut\u00e9 de communes Haute-Corr\u00e8ze<\/td>\n<td class=\"has-text-align-center\" data-align=\"center\"><a href=\"https:\/\/youtu.be\/nvWCJM_v1BE?list=PL3fWjGB5YMqauSA1LCatfWU-tWAFn7pOb\" target=\"_blank\" rel=\"noopener\">Voir la vid\u00e9o<\/a><\/td>\n<\/tr>\n<tr>\n<td class=\"has-text-align-left\" data-align=\"left\">Qui se cache derri\u00e8re le d\u00e9veloppement du v\u00e9lo?<\/td>\n<td class=\"has-text-align-left\" data-align=\"left\">Cluny (Bourgogne-Franche-Comt\u00e9)<\/td>\n<td class=\"has-text-align-left\" data-align=\"left\">Communaut\u00e9 de communes du Clunisois<\/td>\n<td class=\"has-text-align-center\" data-align=\"center\"><a href=\"https:\/\/youtu.be\/Dr1LkaLAy2E?list=PL3fWjGB5YMqauSA1LCatfWU-tWAFn7pOb\" target=\"_blank\" rel=\"noopener\">Voir la vid\u00e9o<\/a><\/td>\n<\/tr>\n<tr>\n<td class=\"has-text-align-left\" data-align=\"left\">Tester un v\u00e9lo \u00e0 assistance \u00e9lectrique avant de s&rsquo;\u00e9quiper?<\/td>\n<td class=\"has-text-align-left\" data-align=\"left\">Concarneau (Bretagne)<\/td>\n<td class=\"has-text-align-left\" data-align=\"left\">Concarneau Cornouaille Agglom\u00e9ration<\/td>\n<td class=\"has-text-align-center\" data-align=\"center\"><a href=\"https:\/\/youtu.be\/Ds6Hzm5-kc4?list=PL3fWjGB5YMqauSA1LCatfWU-tWAFn7pOb\" target=\"_blank\" rel=\"noopener\">Voir la vid\u00e9o<\/a><\/td>\n<\/tr>\n<p><img decoding=\"async\" src=\"data:image\/gif;base64,R0lGODlhAQABAIAAAAAAAP\/\/\/yH5BAEAAAAALAAAAAABAAEAAAIBRAA7\" class=\"lazy lazy-hidden\" data-lazy-type=\"iframe\" data-lazy-src=\"&lt;iframe loading=&quot;lazy&quot; title=&quot;Que vous manque-t-il pour faire plus de v\u00e9lo ? \ud83d\udeb2 (La France Cyclable - Episode 1)&quot; width=&quot;500&quot; height=&quot;281&quot; src=&quot;https:\/\/www.youtube.com\/embed\/GJLKSDA-tq4?list=PL3fWjGB5YMqauSA1LCatfWU-tWAFn7pOb&quot; frameborder=&quot;0&quot; allow=&quot;accelerometer; autoplay; clipboard-write; encrypted-media; gyroscope; picture-in-picture; web-share&quot; referrerpolicy=&quot;strict-origin-when-cross-origin&quot; allowfullscreen&gt;&lt;\/iframe&gt;\" alt=\"\"\/><\/p>\n<p>\u00c0 propos du programme AVELO de l&rsquo;ADEME<\/p>\n<p>Lanc\u00e9 en 2019 dans le sillage du Plan \u00ab\u00a0V\u00e9lo et mobilit\u00e9s actives\u00a0\u00bb, le <a href=\"https:\/\/avelo.ademe.fr\/\" target=\"_blank\" rel=\"noopener\">programme AVELO<\/a> port\u00e9 par l\u2019ADEME et financ\u00e9 via les Certificats d\u2019\u00c9conomies d\u2019\u00c9nergie (CEE), vise \u00e0 aider les collectivit\u00e9s \u00e0 faire du v\u00e9lo un vrai mode de transport du quotidien.<\/p>\n<p>AVELO a d\u00e9j\u00e0 connu trois versions successives (AVELO 1, 2 et d\u00e9sormais 3). Le programme a accompagn\u00e9 plus de 1000 collectivit\u00e9s depuis 2019. Le principe : donner aux territoires les moyens de passer \u00e0 la vitesse sup\u00e9rieure par la mise en place de politiques cyclables concr\u00e8tes : am\u00e9nagements, services, animation, ing\u00e9nierie, etc.<\/p>\n<p><strong>Vous avez aim\u00e9 cet article ?<\/strong> N&rsquo;h\u00e9sitez-pas \u00e0 <a href=\"https:\/\/weelz.ouest-france.fr\/newsletter-velo\/\" target=\"_blank\" rel=\"noopener\">vous abonner \u00e0 notre newsletter<\/a>. Vous pouvez aussi nous ajouter en favoris directement dans <a href=\"https:\/\/news.google.com\/publications\/CAAqBwgKMJ3Eugswqt_RAw?hl=fr&amp;gl=FR&amp;ceid=FR%3Afr\" rel=\"external noopener\" target=\"_blank\">Google News<\/a> ou encore nous suivre via <a href=\"https:\/\/bit.ly\/weelz-whatsapp\" target=\"_blank\" rel=\"noopener\">notre chaine WhatsApp<\/a>. Une question, une remarque ? <a href=\"https:\/\/weelz.ouest-france.fr\/contacter-weelz\/\" target=\"_blank\" rel=\"noopener\">Contactez-nous<\/a>.<\/p>\n","protected":false},"excerpt":{"rendered":"Pas de grands discours, pas de slogans creux, juste des images, des faits, des citoyens sur le terrain.&hellip;\n","protected":false},"author":2,"featured_media":9141,"comment_status":"","ping_status":"","sticky":false,"template":"","format":"standard","meta":{"footnotes":""},"categories":[4],"tags":[11,1011,27,12,4630,2687,25,4631],"class_list":{"0":"post-9140","1":"post","2":"type-post","3":"status-publish","4":"format-standard","5":"has-post-thumbnail","7":"category-france","8":"tag-actualites","9":"tag-fr","10":"tag-france","11":"tag-news","12":"tag-politique-cyclable","13":"tag-reportage","14":"tag-republique-francaise","15":"tag-transition-cyclable"},"share_on_mastodon":{"url":"https:\/\/pubeurope.com\/@fr\/114299826550821463","error":""},"_links":{"self":[{"href":"https:\/\/www.europesays.com\/fr\/wp-json\/wp\/v2\/posts\/9140","targetHints":{"allow":["GET"]}}],"collection":[{"href":"https:\/\/www.europesays.com\/fr\/wp-json\/wp\/v2\/posts"}],"about":[{"href":"https:\/\/www.europesays.com\/fr\/wp-json\/wp\/v2\/types\/post"}],"author":[{"embeddable":true,"href":"https:\/\/www.europesays.com\/fr\/wp-json\/wp\/v2\/users\/2"}],"replies":[{"embeddable":true,"href":"https:\/\/www.europesays.com\/fr\/wp-json\/wp\/v2\/comments?post=9140"}],"version-history":[{"count":0,"href":"https:\/\/www.europesays.com\/fr\/wp-json\/wp\/v2\/posts\/9140\/revisions"}],"wp:featuredmedia":[{"embeddable":true,"href":"https:\/\/www.europesays.com\/fr\/wp-json\/wp\/v2\/media\/9141"}],"wp:attachment":[{"href":"https:\/\/www.europesays.com\/fr\/wp-json\/wp\/v2\/media?parent=9140"}],"wp:term":[{"taxonomy":"category","embeddable":true,"href":"https:\/\/www.europesays.com\/fr\/wp-json\/wp\/v2\/categories?post=9140"},{"taxonomy":"post_tag","embeddable":true,"href":"https:\/\/www.europesays.com\/fr\/wp-json\/wp\/v2\/tags?post=9140"}],"curies":[{"name":"wp","href":"https:\/\/api.w.org\/{rel}","templated":true}]}}