{"id":91403,"date":"2025-05-11T08:46:14","date_gmt":"2025-05-11T08:46:14","guid":{"rendered":"https:\/\/www.europesays.com\/fr\/91403\/"},"modified":"2025-05-11T08:46:14","modified_gmt":"2025-05-11T08:46:14","slug":"moscou-commence-a-envisager-la-paix-selon-volodymyr-zelensky","status":"publish","type":"post","link":"https:\/\/www.europesays.com\/fr\/91403\/","title":{"rendered":"Moscou \u00ab\u00a0commence \u00e0 envisager\u00a0\u00bb la paix, selon Volodymyr Zelensky\u2026"},"content":{"rendered":"<p>Le pr\u00e9sident ukrainien Volodymyr Zelensky a d\u00e9clar\u00e9 dimanche qu&rsquo;il attendait de la Russie qu&rsquo;elle s&rsquo;engage \u00e0 respecter un cessez-le-feu de 30 jours \u00e0 partir de lundi et que Kiev \u00e9tait \u00ab pr\u00eat \u00bb \u00e0 des pourparlers directs avec Moscou comme l&rsquo;a propos\u00e9 son homologue russe Vladimir Poutine.<\/p>\n<p>\u00ab Il est inutile de poursuivre la tuerie, ne serait-ce qu&rsquo;une seule journ\u00e9e. Nous attendons de la Russie qu&rsquo;elle confirme un cessez-le-feu, complet, durable et fiable, \u00e0 partir de demain 12 mai, et l&rsquo;Ukraine est pr\u00eate \u00e0 la rencontrer \u00bb, a d\u00e9clar\u00e9 le pr\u00e9sident ukrainien sur les r\u00e9seaux sociaux.<\/p>\n","protected":false},"excerpt":{"rendered":"Le pr\u00e9sident ukrainien Volodymyr Zelensky a d\u00e9clar\u00e9 dimanche qu&rsquo;il attendait de la Russie qu&rsquo;elle s&rsquo;engage \u00e0 respecter un&hellip;\n","protected":false},"author":2,"featured_media":91404,"comment_status":"","ping_status":"","sticky":false,"template":"","format":"standard","meta":{"footnotes":""},"categories":[1590],"tags":[47,11,1777,674,131,4997,74,1916,12,136,220,135,134],"class_list":{"0":"post-91403","1":"post","2":"type-post","3":"status-publish","4":"format-standard","5":"has-post-thumbnail","7":"category-ukraine","8":"tag-actualite","9":"tag-actualites","10":"tag-eu","11":"tag-europe","12":"tag-guerre-en-ukraine","13":"tag-kiev-kyiv","14":"tag-monde","15":"tag-moscou","16":"tag-news","17":"tag-otan","18":"tag-ukraine","19":"tag-vladimir-poutine","20":"tag-volodymyr-zelensky"},"share_on_mastodon":{"url":"https:\/\/pubeurope.com\/@fr\/114488330351424419","error":""},"_links":{"self":[{"href":"https:\/\/www.europesays.com\/fr\/wp-json\/wp\/v2\/posts\/91403","targetHints":{"allow":["GET"]}}],"collection":[{"href":"https:\/\/www.europesays.com\/fr\/wp-json\/wp\/v2\/posts"}],"about":[{"href":"https:\/\/www.europesays.com\/fr\/wp-json\/wp\/v2\/types\/post"}],"author":[{"embeddable":true,"href":"https:\/\/www.europesays.com\/fr\/wp-json\/wp\/v2\/users\/2"}],"replies":[{"embeddable":true,"href":"https:\/\/www.europesays.com\/fr\/wp-json\/wp\/v2\/comments?post=91403"}],"version-history":[{"count":0,"href":"https:\/\/www.europesays.com\/fr\/wp-json\/wp\/v2\/posts\/91403\/revisions"}],"wp:featuredmedia":[{"embeddable":true,"href":"https:\/\/www.europesays.com\/fr\/wp-json\/wp\/v2\/media\/91404"}],"wp:attachment":[{"href":"https:\/\/www.europesays.com\/fr\/wp-json\/wp\/v2\/media?parent=91403"}],"wp:term":[{"taxonomy":"category","embeddable":true,"href":"https:\/\/www.europesays.com\/fr\/wp-json\/wp\/v2\/categories?post=91403"},{"taxonomy":"post_tag","embeddable":true,"href":"https:\/\/www.europesays.com\/fr\/wp-json\/wp\/v2\/tags?post=91403"}],"curies":[{"name":"wp","href":"https:\/\/api.w.org\/{rel}","templated":true}]}}