{"id":91405,"date":"2025-05-11T08:47:09","date_gmt":"2025-05-11T08:47:09","guid":{"rendered":"https:\/\/www.europesays.com\/fr\/91405\/"},"modified":"2025-05-11T08:47:09","modified_gmt":"2025-05-11T08:47:09","slug":"commerce-reprise-des-negociations-usa-chine-a-geneve-source-11-05-2025-a-1030","status":"publish","type":"post","link":"https:\/\/www.europesays.com\/fr\/91405\/","title":{"rendered":"Commerce-Reprise des n\u00e9gociations USA-Chine \u00e0 Gen\u00e8ve &#8211; source &#8211; 11\/05\/2025 \u00e0 10:30"},"content":{"rendered":"<p>\n De hauts responsables<br \/>\nam\u00e9ricains et chinois se sont retrouv\u00e9s dimanche \u00e0 Gen\u00e8ve, a<br \/>\nrapport\u00e9 \u00e0 Reuters une source au fait de la situation, afin de<br \/>\nreprendre les discussions visant \u00e0 parvenir \u00e0 un accord sur les<br \/>\ndroits de douane qui menacent le commerce mondial.\n<\/p>\n<p>\n Ces n\u00e9gociations, men\u00e9es par des d\u00e9l\u00e9gations chinoise et<br \/>\nam\u00e9ricaine avec \u00e0 leur t\u00eate d&rsquo;une part le vice-Premier ministre<br \/>\nchinois, He Lifeng, et d&rsquo;autre part le secr\u00e9taire am\u00e9ricain au<br \/>\nTr\u00e9sor, Scott Bessent, ont commenc\u00e9 samedi en Suisse.\n<\/p>\n<p>\n Elles visent \u00e0 parvenir \u00e0 un accord sur les droits de<br \/>\ndouane, actuellement de 145% d\u00e9cid\u00e9s par les Etats-Unis sur les<br \/>\nproduits en provenance de Chine, tandis que P\u00e9kin a r\u00e9pliqu\u00e9<br \/>\navec des surtaxes \u00e0 125%.\n<\/p>\n<p>\n (Reportage Emma Farge; version fran\u00e7aise Claude Chendjou)<\/p>\n","protected":false},"excerpt":{"rendered":"De hauts responsables am\u00e9ricains et chinois se sont retrouv\u00e9s dimanche \u00e0 Gen\u00e8ve, a rapport\u00e9 \u00e0 Reuters une source&hellip;\n","protected":false},"author":2,"featured_media":2486,"comment_status":"","ping_status":"","sticky":false,"template":"","format":"standard","meta":{"footnotes":""},"categories":[1589],"tags":[400,11,398,408,405,73,1866,403,402,399,404,12,401,406,1864,1865,1863,308,407],"class_list":{"0":"post-91405","1":"post","2":"type-post","3":"status-publish","4":"format-standard","5":"has-post-thumbnail","7":"category-etats-unis","8":"tag-action-cac-40","9":"tag-actualites","10":"tag-bourse-de-paris","11":"tag-boursorama","12":"tag-cotations","13":"tag-etats-unis","14":"tag-etats-unis-damerique","15":"tag-indices-devises","16":"tag-investir","17":"tag-investissement","18":"tag-marche-boursier","19":"tag-news","20":"tag-sicav","21":"tag-trackers","22":"tag-united-states","23":"tag-united-states-of-america","24":"tag-us","25":"tag-usa","26":"tag-warrants"},"share_on_mastodon":{"url":"https:\/\/pubeurope.com\/@fr\/114488334337851946","error":""},"_links":{"self":[{"href":"https:\/\/www.europesays.com\/fr\/wp-json\/wp\/v2\/posts\/91405","targetHints":{"allow":["GET"]}}],"collection":[{"href":"https:\/\/www.europesays.com\/fr\/wp-json\/wp\/v2\/posts"}],"about":[{"href":"https:\/\/www.europesays.com\/fr\/wp-json\/wp\/v2\/types\/post"}],"author":[{"embeddable":true,"href":"https:\/\/www.europesays.com\/fr\/wp-json\/wp\/v2\/users\/2"}],"replies":[{"embeddable":true,"href":"https:\/\/www.europesays.com\/fr\/wp-json\/wp\/v2\/comments?post=91405"}],"version-history":[{"count":0,"href":"https:\/\/www.europesays.com\/fr\/wp-json\/wp\/v2\/posts\/91405\/revisions"}],"wp:featuredmedia":[{"embeddable":true,"href":"https:\/\/www.europesays.com\/fr\/wp-json\/wp\/v2\/media\/2486"}],"wp:attachment":[{"href":"https:\/\/www.europesays.com\/fr\/wp-json\/wp\/v2\/media?parent=91405"}],"wp:term":[{"taxonomy":"category","embeddable":true,"href":"https:\/\/www.europesays.com\/fr\/wp-json\/wp\/v2\/categories?post=91405"},{"taxonomy":"post_tag","embeddable":true,"href":"https:\/\/www.europesays.com\/fr\/wp-json\/wp\/v2\/tags?post=91405"}],"curies":[{"name":"wp","href":"https:\/\/api.w.org\/{rel}","templated":true}]}}