{"id":91409,"date":"2025-05-11T08:50:18","date_gmt":"2025-05-11T08:50:18","guid":{"rendered":"https:\/\/www.europesays.com\/fr\/91409\/"},"modified":"2025-05-11T08:50:18","modified_gmt":"2025-05-11T08:50:18","slug":"le-grand-duc-henri-celebre-la-journee-de-leurope-a-echternach","status":"publish","type":"post","link":"https:\/\/www.europesays.com\/fr\/91409\/","title":{"rendered":"Le grand-duc Henri c\u00e9l\u00e8bre la Journ\u00e9e de l&rsquo;Europe \u00e0 Echternach"},"content":{"rendered":"<p>Ce samedi, le grand-duc Henri de Luxembourg a particip\u00e9 aux festivit\u00e9s de la Journ\u00e9e de l\u2019Europe \u00e0 Echternach. Cette journ\u00e9e a rappel\u00e9 l\u2019importance jou\u00e9e par le Luxembourg dans la construction europ\u00e9enne. <\/p>\n<p><strong>Lire aussi : <a href=\"https:\/\/histoiresroyales.fr\/trois-jours-de-fete-quatre-coins-luxembourg-celebrer-accession-trone-de-guillaume\/\" target=\"_blank\" rel=\"noopener\">Trois jours de f\u00eate aux quatre coins du Luxembourg pour c\u00e9l\u00e9brer l\u2019accession au tr\u00f4ne de Guillaume<\/a><\/strong><\/p>\n<p>C\u00e9l\u00e9bration de la Journ\u00e9e de l\u2019Europe \u00e0 Echternach<\/p>\n<p>Le 9 mai est la Journ\u00e9e de l\u2019Europe, un jour f\u00e9ri\u00e9 pour l\u2019ensemble des fonctionnaires europ\u00e9ens. Au Luxembourg, le <a href=\"https:\/\/histoiresroyales.fr\/famille-grand-ducale-luxembourgeoise\/grand-duc-henri\/\" target=\"_blank\" rel=\"noopener\">chef de l\u2019\u00c9tat<\/a> a particip\u00e9 aux festivit\u00e9s \u00e0 Echternach. Le pr\u00e9sident de la Chambre des d\u00e9put\u00e9s, Claude Wiseler, des membres du gouvernement et d\u2019institutions europ\u00e9ennes \u00e9taient \u00e9galement pr\u00e9sents \u00e0 cette c\u00e9l\u00e9bration organis\u00e9e le 10 mai.<\/p>\n<p><img fetchpriority=\"high\" decoding=\"async\" width=\"1300\" height=\"867\" src=\"https:\/\/www.europesays.com\/fr\/wp-content\/uploads\/2025\/05\/ceremonie-officielle-grand-duc-henri-journee-europe-echternach.jpg\" alt=\"\" class=\"wp-image-150804 lazyload\" data-  \/>Le grand-duc Henri assiste \u00e0 la c\u00e9r\u00e9monie officielle de la Journ\u00e9e de l\u2019Europe (Photo : Maison du Grand-Duc \/ Sophie Margue)<\/p>\n<p><img loading=\"lazy\" decoding=\"async\" width=\"1300\" height=\"867\" src=\"https:\/\/www.europesays.com\/fr\/wp-content\/uploads\/2025\/05\/ceremonie-officielle-journee-europe-echternach.jpg\" alt=\"\" class=\"wp-image-150805 lazyload\" data-  \/>La c\u00e9r\u00e9monie s\u2019est d\u00e9roul\u00e9e au lendemain du 9 mai (Photo : Maison du Grand-Duc \/ Sophie Margue)<\/p>\n<p><img loading=\"lazy\" decoding=\"async\" width=\"1223\" height=\"1400\" src=\"https:\/\/www.europesays.com\/fr\/wp-content\/uploads\/2025\/05\/Echternach-carte-1223x1400.jpg\" alt=\"\" class=\"wp-image-150812 lazyload\" data-  \/>Echternach, ville frontali\u00e8re avec l\u2019Allemagne, est le chef-lieu du canton du m\u00eame nom, \u00e0 l\u2019est du Grand-Duch\u00e9 (Image : Histoires Royales)<\/p>\n<p><strong>Lire aussi : <a href=\"https:\/\/histoiresroyales.fr\/sortie-printaniere-couple-grand-ducale-couple-heritier-jardins-urbains-de-luxembourg\/\" target=\"_blank\" rel=\"noopener\">La sortie printani\u00e8re du couple grand-ducal et du couple h\u00e9ritier dans les jardins urbains et les installations paysag\u00e8res de Luxembourg<\/a><\/strong><\/p>\n<p>La Journ\u00e9e de l\u2019Europe a \u00e9t\u00e9 fix\u00e9e au 9 mai, en m\u00e9moire de la \u00ab\u00a0d\u00e9claration Schuman \u00bb. Le 9 mai 1950, Robert Schuman propose la cr\u00e9ation d\u2019une Communaut\u00e9 europ\u00e9enne du charbon et de l\u2019acier, dont les pays membres mettraient en commun leur production de charbon et d\u2019acier. Il s\u2019agit du premier texte posant les fondations d\u2019une coop\u00e9ration commune entre les pays du continent europ\u00e9en. <\/p>\n<p><img loading=\"lazy\" decoding=\"async\" width=\"1300\" height=\"867\" src=\"https:\/\/www.europesays.com\/fr\/wp-content\/uploads\/2025\/05\/journee-de-leurope-echternach-grand-duc-henri.jpg\" alt=\"\" class=\"wp-image-150809 lazyload\" data-  \/>Le grand-duc Henri et Xavier Bettel, vice-premier ministre et ministre des Affaires \u00e9trang\u00e8res, coupent le g\u00e2teau reprenant les couleurs et les \u00e9toiles du drapeau europ\u00e9en (Photo : Maison du Grand-Duc \/ Sophie Margue)<\/p>\n<p><img loading=\"lazy\" decoding=\"async\" width=\"1300\" height=\"867\" src=\"https:\/\/www.europesays.com\/fr\/wp-content\/uploads\/2025\/05\/grand-duc-henri-de-luxembourg-journee-de-leurope.jpg\" alt=\"\" class=\"wp-image-150806 lazyload\" data-  \/>Le grand-duc Henri c\u00e9l\u00e8bre l\u2019Europe \u00e0 Echternach (Photo : Maison du Grand-Duc \/ Sophie Margue)<\/p>\n<p><strong>Lire aussi : <a href=\"https:\/\/histoiresroyales.fr\/grand-duc-henri-devoile-programme-festivites-jubile-dargent-abdication\/\" target=\"_blank\" rel=\"noopener\">Le grand-duc Henri d\u00e9voile le programme des festivit\u00e9s de son Jubil\u00e9 d\u2019argent avant son abdication<\/a><\/strong><\/p>\n<p>Le Luxembourg a jou\u00e9 un r\u00f4le important dans la construction europ\u00e9enne. Robert Schuman, de nationalit\u00e9 allemande et de m\u00e8re Luxembourgeoise, est n\u00e9 au grand-duch\u00e9 de Luxembourg. Schuman fut ensuite ministre de la Justice, ministre des Affaires \u00e9trang\u00e8res et ministre des Finances, en France. C\u2019est aussi dans la localit\u00e9 luxembourgeoise de Schengen qu\u2019a \u00e9t\u00e9 sign\u00e9 le c\u00e9l\u00e8bre accord de libre circulation. <\/p>\n<p><img loading=\"lazy\" decoding=\"async\" width=\"1300\" height=\"867\" src=\"https:\/\/www.europesays.com\/fr\/wp-content\/uploads\/2025\/05\/grand-duc-henri-stands-journee-de-leurope.jpg\" alt=\"\" class=\"wp-image-150808 lazyload\" data-  \/>Apr\u00e8s la c\u00e9r\u00e9monie, le souverain luxembourgeois visite des stands culturels des diff\u00e9rents pays europ\u00e9ens (Photo : Maison du Grand-Duc \/ Sophie Margue)<\/p>\n<p><img loading=\"lazy\" decoding=\"async\" width=\"1300\" height=\"867\" src=\"https:\/\/www.europesays.com\/fr\/wp-content\/uploads\/2025\/05\/grand-duc-henri-journee-europe-2025.jpg\" alt=\"\" class=\"wp-image-150807 lazyload\" data-  \/>Le grand-duc Henri pose avec un groupe en tenues folkloriques (Photo : Maison du Grand-Duc \/ Sophie Margue)<\/p>\n<p>Depuis 1992, Luxembourg est l\u2019un des trois si\u00e8ges des institutions europ\u00e9ennes. Aujourd\u2019hui, environ 13 000 fonctionnaires et agents europ\u00e9ens travaillent pour les institutions et organes europ\u00e9ens au Luxembourg. On y trouve la Cour de justice de l\u2019Union europ\u00e9enne, deux b\u00e2timents du Parlement europ\u00e9en, le Conseil de l\u2019Union europ\u00e9enne, la Banque europ\u00e9enne d\u2019investissement, la Cour des comptes europ\u00e9enne, le M\u00e9canisme europ\u00e9en de stabilit\u00e9, le Parquet europ\u00e9en et plusieurs services et d\u00e9partements de la Commission europ\u00e9enne. \u00c0 l\u2019issue de la c\u00e9r\u00e9monie officielle, le grand-duc Henri a conclu sa participation \u00e0 la c\u00e9l\u00e9bration en visitant des stands du \u00ab Village europ\u00e9en \u00bb.<\/p>\n<p>\t\t\t\t<img loading=\"lazy\" alt=\"Avatar photo\" src=\"https:\/\/www.europesays.com\/fr\/wp-content\/uploads\/2025\/04\/1516945716303-164x164.jpeg\"  class=\"avatar avatar-164 photo lazyload\" height=\"164\" width=\"164\" decoding=\"async\"\/><br \/>\n\t\t<a href=\"https:\/\/histoiresroyales.fr\/author\/royaliste123\/\" target=\"_blank\" rel=\"noopener\">Nicolas Fontaine<\/a><br \/>\n\t\t\t\t\tR\u00e9dacteur en chef<\/p>\n<p>Nicolas Fontaine a \u00e9t\u00e9 concepteur-r\u00e9dacteur et auteur pour de nombreuses marques et m\u00e9dias belges et fran\u00e7ais. Sp\u00e9cialiste de l&rsquo;actualit\u00e9 des familles royales, Nicolas a fond\u00e9 le site Histoires royales dont il est le r\u00e9dacteur en chef.&#13;<br \/>\n&#13;<br \/>\nnicolas@histoiresroyales.fr<\/p>\n<p>\t\t\t\t\t\t\t<a href=\"https:\/\/twitter.com\/ActusRoyales\" class=\"boxed-icon fill twitter\" target=\"_blank\" rel=\"noopener\"><\/a><br \/>\n\t\t\t\t\t\t\t\t\t<a href=\"https:\/\/www.instagram.com\/histoiresroyales.fr\/\" class=\"boxed-icon fill instagram\" target=\"_blank\" rel=\"noopener\"><\/a><\/p>\n<p>\t\t\t\t\t\t\t\t\t\t\t\t\t<script async src=\"https:\/\/platform.twitter.com\/widgets.js\" charset=\"utf-8\"><\/script><script async src=\"\/\/www.instagram.com\/embed.js\"><\/script><\/p>\n","protected":false},"excerpt":{"rendered":"Ce samedi, le grand-duc Henri de Luxembourg a particip\u00e9 aux festivit\u00e9s de la Journ\u00e9e de l\u2019Europe \u00e0 Echternach.&hellip;\n","protected":false},"author":2,"featured_media":91410,"comment_status":"","ping_status":"","sticky":false,"template":"","format":"standard","meta":{"footnotes":""},"categories":[1586],"tags":[11,20247,1777,674,1011,27,7578,12,25],"class_list":{"0":"post-91409","1":"post","2":"type-post","3":"status-publish","4":"format-standard","5":"has-post-thumbnail","7":"category-europe","8":"tag-actualites","9":"tag-commu00e9moration","10":"tag-eu","11":"tag-europe","12":"tag-fr","13":"tag-france","14":"tag-grand-duc-henri-de-luxembourg","15":"tag-news","16":"tag-republique-francaise"},"share_on_mastodon":{"url":"https:\/\/pubeurope.com\/@fr\/114488346250478657","error":""},"_links":{"self":[{"href":"https:\/\/www.europesays.com\/fr\/wp-json\/wp\/v2\/posts\/91409","targetHints":{"allow":["GET"]}}],"collection":[{"href":"https:\/\/www.europesays.com\/fr\/wp-json\/wp\/v2\/posts"}],"about":[{"href":"https:\/\/www.europesays.com\/fr\/wp-json\/wp\/v2\/types\/post"}],"author":[{"embeddable":true,"href":"https:\/\/www.europesays.com\/fr\/wp-json\/wp\/v2\/users\/2"}],"replies":[{"embeddable":true,"href":"https:\/\/www.europesays.com\/fr\/wp-json\/wp\/v2\/comments?post=91409"}],"version-history":[{"count":0,"href":"https:\/\/www.europesays.com\/fr\/wp-json\/wp\/v2\/posts\/91409\/revisions"}],"wp:featuredmedia":[{"embeddable":true,"href":"https:\/\/www.europesays.com\/fr\/wp-json\/wp\/v2\/media\/91410"}],"wp:attachment":[{"href":"https:\/\/www.europesays.com\/fr\/wp-json\/wp\/v2\/media?parent=91409"}],"wp:term":[{"taxonomy":"category","embeddable":true,"href":"https:\/\/www.europesays.com\/fr\/wp-json\/wp\/v2\/categories?post=91409"},{"taxonomy":"post_tag","embeddable":true,"href":"https:\/\/www.europesays.com\/fr\/wp-json\/wp\/v2\/tags?post=91409"}],"curies":[{"name":"wp","href":"https:\/\/api.w.org\/{rel}","templated":true}]}}