{"id":91415,"date":"2025-05-11T08:53:09","date_gmt":"2025-05-11T08:53:09","guid":{"rendered":"https:\/\/www.europesays.com\/fr\/91415\/"},"modified":"2025-05-11T08:53:09","modified_gmt":"2025-05-11T08:53:09","slug":"un-depute-indien-recadre-le-president-americain-sur-la-question-du-cachemire","status":"publish","type":"post","link":"https:\/\/www.europesays.com\/fr\/91415\/","title":{"rendered":"un d\u00e9put\u00e9 indien recadre le pr\u00e9sident am\u00e9ricain sur la question du Cachemire"},"content":{"rendered":"<p>Donald Trump avait d\u00e9j\u00e0 affirm\u00e9 samedi que l\u2019accord de cessez-le-feu entre l\u2019Inde et le Pakistan s\u2019\u00e9tait produit gr\u00e2ce \u00e0 la m\u00e9diation des \u00c9tats-Unis, ce qu\u2019a d\u00e9menti l\u2019Inde.<\/p>\n<p class=\"fig-paragraph\">\u00abQuelqu\u2019un au sein de l\u2019administration de Donald Trump doit s\u00e9rieusement \u00e9duquer le pr\u00e9sident\u00bb. Le d\u00e9put\u00e9 indien et membre du Congr\u00e8s Manish Tewari s\u2019est fendu dimanche d\u2019une remarque acerbe \u00e0\u00a0<a href=\"https:\/\/www.lefigaro.fr\/story\/la-frontiere-entre-linde-et-le-pakistan-sembrase-debut-du-conclave-bernard-arnault-recu-par-donald-trump-les-5-infos-a-connaitre-ce-7-mai-17853\" target=\"_blank\" data-fig-type=\"Story\" rel=\"noopener\" data-gtm-custom-categorie=\"navigation\" data-gtm-custom-action=\"crossclick\" data-gtm-custom-label=\"Contextuel\" data-gtm-event=\"customEventSPE\" data-fig-domain=\"LEFIGARO\">l\u2019encontre du milliardaire r\u00e9publicain<\/a>, alors que ce dernier proposait de participer \u00e0 la r\u00e9solution du\u00a0<a href=\"http:\/\/www.lefigaro.fr\/international\/entre-le-pakistan-et-l-inde-la-region-montagneuse-du-cachemire-cristallise-les-tensions-20250507\" target=\"_blank\" data-fig-type=\"Article\" rel=\"noopener\" data-gtm-custom-categorie=\"navigation\" data-gtm-custom-action=\"crossclick\" data-gtm-custom-label=\"Contextuel\" data-gtm-event=\"customEventSPE\" data-fig-domain=\"LEFIGARO\">conflit \u00abvieux de mille ans\u00bb du Cachemire<\/a>\u00a0&#8211; r\u00e9gion qui cristallise toutes les tensions entre le Pakistan et l\u2019Inde.<\/p>\n<p class=\"fig-paragraph\">\u00ab Il faudrait que quelqu\u2019un au sein de l\u2019establishment am\u00e9ricain explique s\u00e9rieusement \u00e0 son pr\u00e9sident Donald Trump que le Cachemire n\u2019est pas un conflit mill\u00e9naire, comme le veut la Bible. Il a d\u00e9but\u00e9 le 22 octobre 1947, il y a 78 ans, lorsque le Pakistan a envahi l\u2019\u00c9tat ind\u00e9pendant du Jammu-et-Cachemire, qui a ensuite \u00e9t\u00e9 c\u00e9d\u00e9 int\u00e9gralement \u00e0 l\u2019Inde par le Maharaja Hari Singh le 26 octobre 1947, incluant des zones ill\u00e9galement occup\u00e9es par le Pakistan jusqu\u2019\u00e0 ce jour. Est-il si difficile de saisir ce simple fait\u00a0?\u00a0\u00bb s\u2019est agac\u00e9 le d\u00e9put\u00e9 sur X.<\/p>\n<p>L\u2019Inde rejette toute m\u00e9diation dans le conflit<\/p>\n<p class=\"fig-paragraph\">Sur son r\u00e9seau Truth Social, le pr\u00e9sident am\u00e9ricain avait f\u00e9licit\u00e9 les \u00c9tats-Unis d\u2019avoir mis fin au conflit arm\u00e9 entre l\u2019Inde et les Pakistan. \u00abJe suis fier que les \u00c9tats-Unis aient pu aider [l\u2019Inde et le Pakistan, NDLR] \u00e0 prendre cette d\u00e9cision historique et h\u00e9ro\u00efque\u00bb, s\u2019\u00e9tait exclam\u00e9 le chef d\u2019\u00c9tat, saluant une d\u00e9cision de cessez-le-feu qui a\u00a0<a href=\"http:\/\/www.lefigaro.fr\/international\/on-s-inquiete-on-n-a-aucune-visibilite-la-stupeur-des-francais-expatries-en-inde-sur-le-sentier-de-la-guerre-avec-le-pakistan-20250507\" target=\"_blank\" data-fig-type=\"Article\" rel=\"noopener\" data-gtm-custom-categorie=\"navigation\" data-gtm-custom-action=\"crossclick\" data-gtm-custom-label=\"Contextuel\" data-gtm-event=\"customEventSPE\" data-fig-domain=\"LEFIGARO\">permis d\u2019emp\u00eacher la mort<\/a>\u00a0de \u00abmillions de personnes bonnes et innocentes\u00bb. L\u2019Inde a cependant r\u00e9fut\u00e9 cette affirmation, affirmant que c\u2019\u00e9tait le\u00a0<a href=\"http:\/\/www.lefigaro.fr\/international\/inde-pakistan-les-deux-pays-ont-convenu-d-un-cessez-le-feu-immediat-et-total-annonce-trump-20250510\" target=\"_blank\" data-fig-type=\"NewsFlash\" rel=\"noopener\" data-gtm-custom-categorie=\"navigation\" data-gtm-custom-action=\"crossclick\" data-gtm-custom-label=\"Contextuel\" data-gtm-event=\"customEventSPE\" data-fig-domain=\"LEFIGARO\">directeur g\u00e9n\u00e9ral des op\u00e9rations militaires<\/a>\u00a0(DGMO) pakistanais qui avait contact\u00e9 son homologue indien et avait donc initi\u00e9 le dialogue ayant conduit \u00e0 la cessation des hostilit\u00e9s.<\/p>\n<p class=\"fig-paragraph\">L\u2019occupant de la Maison Blanche avait ensuite affirm\u00e9 accro\u00eetre \u00abconsid\u00e9rablement\u00bb ses \u00e9changes commerciaux avec les deux bellig\u00e9rants. \u00abDe plus, je travaillerai avec vous pour voir si, apr\u00e8s mille ans, une solution peut \u00eatre trouv\u00e9e concernant le Cachemire. Que Dieu b\u00e9nisse les dirigeants de l\u2019Inde et du Pakistan pour leur excellent travail\u00bb, avait-il d\u00e9clar\u00e9 sur son r\u00e9seau. D\u00e9claration aussit\u00f4t critiqu\u00e9e par le d\u00e9put\u00e9 indien, alors que l\u2019Inde a d\u00e9j\u00e0 rejet\u00e9 \u00e0 maintes reprises toute intervention d\u2019un tiers sur la question du Jammu-et-Cachemire, exprimant sans \u00e9quivoque que cette r\u00e9gion convoit\u00e9e fait partie int\u00e9grante de l\u2019Inde.<\/p>\n<p class=\"fig-paragraph\">Un autre d\u00e9put\u00e9 du Congr\u00e8s, Jairam Ramesh, s\u2019est \u00e9galement inqui\u00e9t\u00e9 d\u2019une telle m\u00e9diation. \u00abLe Congr\u00e8s national indien r\u00e9it\u00e8re sa demande d\u2019une r\u00e9union de tous les partis pr\u00e9sid\u00e9e par le premier ministre et d\u2019une session sp\u00e9ciale du Parlement pour une discussion compl\u00e8te sur Pahalgam, l\u2019op\u00e9ration Sindoor et les annonces de cessez-le-feu faites d\u2019abord depuis Washington DC, puis par la suite par les gouvernements de l\u2019Inde et du Pakistan\u00bb, a-t-il requis sur X, avant de rench\u00e9rir\u00a0? \u00abAvons-nous abandonn\u00e9 l\u2019accord de Shimla\u00a0?\u00bb, s\u2019interroge-t-il, citant le trait\u00e9 de paix sign\u00e9 entre l\u2019Inde et le Pakistan en 1972 qui a mis fin \u00e0 la guerre indo-pakistanaise de 1971. Entre autres, cet accord r\u00e9gissait les moyens de r\u00e9solution des diff\u00e9rends entre l\u2019Inde et le Pakistan, interdisant l\u2019intervention d\u2019un tiers, m\u00eame des Nations Unies. \u00abAvons-nous ouvert la voie \u00e0 une m\u00e9diation par une tierce partie\u00a0?\u00bb, pointe le d\u00e9put\u00e9.<\/p>\n","protected":false},"excerpt":{"rendered":"Donald Trump avait d\u00e9j\u00e0 affirm\u00e9 samedi que l\u2019accord de cessez-le-feu entre l\u2019Inde et le Pakistan s\u2019\u00e9tait produit gr\u00e2ce&hellip;\n","protected":false},"author":2,"featured_media":91416,"comment_status":"","ping_status":"","sticky":false,"template":"","format":"standard","meta":{"footnotes":""},"categories":[2],"tags":[259,11,260,75,1011,27,5595,14,261,12,14488,262,25],"class_list":{"0":"post-91415","1":"post","2":"type-post","3":"status-publish","4":"format-standard","5":"has-post-thumbnail","7":"category-actualites","8":"tag-actualite-internationale","9":"tag-actualites","10":"tag-affaires-etrangeres","11":"tag-donald-trump","12":"tag-fr","13":"tag-france","14":"tag-inde","15":"tag-international","16":"tag-ministere-des-affaires-etrangeres","17":"tag-news","18":"tag-pakistan","19":"tag-politique-etrangere","20":"tag-republique-francaise"},"share_on_mastodon":{"url":"https:\/\/pubeurope.com\/@fr\/114488358182848445","error":""},"_links":{"self":[{"href":"https:\/\/www.europesays.com\/fr\/wp-json\/wp\/v2\/posts\/91415","targetHints":{"allow":["GET"]}}],"collection":[{"href":"https:\/\/www.europesays.com\/fr\/wp-json\/wp\/v2\/posts"}],"about":[{"href":"https:\/\/www.europesays.com\/fr\/wp-json\/wp\/v2\/types\/post"}],"author":[{"embeddable":true,"href":"https:\/\/www.europesays.com\/fr\/wp-json\/wp\/v2\/users\/2"}],"replies":[{"embeddable":true,"href":"https:\/\/www.europesays.com\/fr\/wp-json\/wp\/v2\/comments?post=91415"}],"version-history":[{"count":0,"href":"https:\/\/www.europesays.com\/fr\/wp-json\/wp\/v2\/posts\/91415\/revisions"}],"wp:featuredmedia":[{"embeddable":true,"href":"https:\/\/www.europesays.com\/fr\/wp-json\/wp\/v2\/media\/91416"}],"wp:attachment":[{"href":"https:\/\/www.europesays.com\/fr\/wp-json\/wp\/v2\/media?parent=91415"}],"wp:term":[{"taxonomy":"category","embeddable":true,"href":"https:\/\/www.europesays.com\/fr\/wp-json\/wp\/v2\/categories?post=91415"},{"taxonomy":"post_tag","embeddable":true,"href":"https:\/\/www.europesays.com\/fr\/wp-json\/wp\/v2\/tags?post=91415"}],"curies":[{"name":"wp","href":"https:\/\/api.w.org\/{rel}","templated":true}]}}