{"id":91417,"date":"2025-05-11T08:54:17","date_gmt":"2025-05-11T08:54:17","guid":{"rendered":"https:\/\/www.europesays.com\/fr\/91417\/"},"modified":"2025-05-11T08:54:17","modified_gmt":"2025-05-11T08:54:17","slug":"audiences-tv-le-voyageur-loin-devant-sur-france-3","status":"publish","type":"post","link":"https:\/\/www.europesays.com\/fr\/91417\/","title":{"rendered":"Audiences TV\u00a0: \u00ab\u00a0Le Voyageur\u00a0\u00bb loin devant sur France\u00a03"},"content":{"rendered":"<p class=\"paragraph text_align_left\">Il ne d\u00e9\u00e7oit jamais. Samedi soir, \u00ab le Voyageur \u00bb, sur France 3, a voyag\u00e9 en premi\u00e8re classe des <a href=\"https:\/\/www.leparisien.fr\/culture-loisirs\/tv\/audiences\/\" target=\"_blank\" rel=\"nofollow noopener\">audiences<\/a>. L\u2019\u00e9pisode in\u00e9dit de la s\u00e9rie fran\u00e7aise port\u00e9e par Bruno Debrandt a s\u00e9duit 4,82 millions de t\u00e9l\u00e9spectateurs, soit 28,4 % du public. Le pr\u00e9c\u00e9dent in\u00e9dit, propos\u00e9 fin novembre, avait s\u00e9duit 100 000 curieux de plus.<\/p>\n<p class=\"paragraph text_align_left\">France 2 r\u00e9cup\u00e8re la m\u00e9daille d\u2019argent avec un nouveau prime time de ses \u00ab Enfants de la t\u00e9l\u00e9 \u00bb, consacr\u00e9 aux 50 ans de la cha\u00eene depuis Antenne 2. Cette soir\u00e9e anim\u00e9e par Laurence Boccolini, \u00e0 laquelle participaient notamment Laurent Ruquier, Sophie Davant et <a href=\"https:\/\/www.leparisien.fr\/culture-loisirs\/cyril-feraud\/\" target=\"_blank\" rel=\"nofollow noopener\">Cyril F\u00e9raud<\/a>, a diverti 1,81 million de Fran\u00e7ais (11,6 %).<\/p>\n<p>M6 au pied du podium<\/p>\n<p class=\"paragraph text_align_left\">TF 1 suit avec le retour de son jeu \u00ab 10 sur 10, combien tu te mets ? \u00bb, anim\u00e9 par Arthur. Cette nouvelle partie, avec Marine Lorphelin, Fran\u00e7ois Berl\u00e9and et Antoine Dul\u00e9ry entre autres, a amus\u00e9 1,68 million de joueurs. Les parts d\u2019audience s\u2019\u00e9l\u00e8vent \u00e0 10,9 % sur l\u2019ensemble du public et \u00e0 19,8 % sur les femmes responsables des achats de moins de 50 ans. Il s\u2019agit n\u00e9anmoins de la plus faible performance du programme depuis son lancement.<\/p>\n<p class=\"paragraph text_align_left\">M 6 se retrouve au pied du podium avec la finale de la saison 4 de son jeu \u00ab les Tra\u00eetres \u00bb, anim\u00e9 par \u00c9ric Antoine et exceptionnellement diffus\u00e9e un samedi. L\u2019ultime table ronde de cette \u00e9dition a tenu en haleine 1,24 million de fid\u00e8les, soit 7,8 % du public. Des scores qui signent la plus faible finale historique du programme. Toutefois, la Six se rattrape sur la cible commerciale, o\u00f9 elle reste leader avec 24,0 % des m\u00e9nag\u00e8res de moins de 50 ans.<\/p>\n<p class=\"paragraph text_align_left\">Parmi les autres cha\u00eenes, France 5 est celle qui s\u2019en sort le mieux avec une rediffusion de son magazine \u00ab \u00c9chapp\u00e9es belles \u00bb. Le voyage de J\u00e9r\u00f4me Pitorin en Suisse a emport\u00e9 1,01 million de Fran\u00e7ais (6,0 %). Un tr\u00e8s bon score puisque le premier passage de ce num\u00e9ro, en octobre 2023, avait d\u00e9j\u00e0 s\u00e9duit 1,09 million d\u2019amateurs (5,8 %) !<\/p>\n","protected":false},"excerpt":{"rendered":"Il ne d\u00e9\u00e7oit jamais. Samedi soir, \u00ab le Voyageur \u00bb, sur France 3, a voyag\u00e9 en premi\u00e8re classe&hellip;\n","protected":false},"author":2,"featured_media":91418,"comment_status":"","ping_status":"","sticky":false,"template":"","format":"standard","meta":{"footnotes":""},"categories":[4],"tags":[11,872,1011,27,12,25,2205],"class_list":{"0":"post-91417","1":"post","2":"type-post","3":"status-publish","4":"format-standard","5":"has-post-thumbnail","7":"category-france","8":"tag-actualites","9":"tag-culture-et-loisirs","10":"tag-fr","11":"tag-france","12":"tag-news","13":"tag-republique-francaise","14":"tag-television-medias"},"share_on_mastodon":{"url":"https:\/\/pubeurope.com\/@fr\/114488361894553864","error":""},"_links":{"self":[{"href":"https:\/\/www.europesays.com\/fr\/wp-json\/wp\/v2\/posts\/91417","targetHints":{"allow":["GET"]}}],"collection":[{"href":"https:\/\/www.europesays.com\/fr\/wp-json\/wp\/v2\/posts"}],"about":[{"href":"https:\/\/www.europesays.com\/fr\/wp-json\/wp\/v2\/types\/post"}],"author":[{"embeddable":true,"href":"https:\/\/www.europesays.com\/fr\/wp-json\/wp\/v2\/users\/2"}],"replies":[{"embeddable":true,"href":"https:\/\/www.europesays.com\/fr\/wp-json\/wp\/v2\/comments?post=91417"}],"version-history":[{"count":0,"href":"https:\/\/www.europesays.com\/fr\/wp-json\/wp\/v2\/posts\/91417\/revisions"}],"wp:featuredmedia":[{"embeddable":true,"href":"https:\/\/www.europesays.com\/fr\/wp-json\/wp\/v2\/media\/91418"}],"wp:attachment":[{"href":"https:\/\/www.europesays.com\/fr\/wp-json\/wp\/v2\/media?parent=91417"}],"wp:term":[{"taxonomy":"category","embeddable":true,"href":"https:\/\/www.europesays.com\/fr\/wp-json\/wp\/v2\/categories?post=91417"},{"taxonomy":"post_tag","embeddable":true,"href":"https:\/\/www.europesays.com\/fr\/wp-json\/wp\/v2\/tags?post=91417"}],"curies":[{"name":"wp","href":"https:\/\/api.w.org\/{rel}","templated":true}]}}