{"id":91423,"date":"2025-05-11T08:58:08","date_gmt":"2025-05-11T08:58:08","guid":{"rendered":"https:\/\/www.europesays.com\/fr\/91423\/"},"modified":"2025-05-11T08:58:08","modified_gmt":"2025-05-11T08:58:08","slug":"atp-rome-sinner-sur-sa-tenue-toute-noire-jaime-que-tout-soit-de-la-meme-couleur-apres-jai-encore-beaucoup-a-apprendre-sur-la-mode-en-dehors-du-terrain-sourire-je-suis-juste-un-jeune-homme","status":"publish","type":"post","link":"https:\/\/www.europesays.com\/fr\/91423\/","title":{"rendered":"ATP &#8211; Rome > Sinner sur sa tenue toute noire : \u00ab\u00a0J&rsquo;aime que tout soit de la m\u00eame couleur. Apr\u00e8s j&rsquo;ai encore beaucoup \u00e0 apprendre sur la mode en dehors du terrain (sourire). Je suis juste un jeune homme de 23 ans tout \u00e0 fait normal. Rien de fou\u00a0\u00bb"},"content":{"rendered":"<p>Si beau\u00adcoup de jour\u00adna\u00adlistes se sont attard\u00e9s sur sa perfor\u00admance face \u00e0 Navone, d\u2019autres ont pr\u00e9f\u00e9r\u00e9 parler de la tenue de Jannik qui \u00e9voluait tout en noir. Jannik comme \u00e0 son habi\u00adtude a r\u00e9pondu avec fran\u00adchise et une pointe d\u2019humour.<\/p>\n<p>\u00ab\u202f<strong>Chacun est diff\u00e9\u00adrent. \u00c0 Rome, si on regarde les derni\u00e8res fois o\u00f9 j\u2019ai jou\u00e9, je jouais toujours tout en noir. C\u2019est quelque chose que j\u2019ai toujours voulu conserver, d\u2019une certaine mani\u00e8re. Je peux changer \u00e7a \u00e0 l\u2019avenir, oui. Mais j\u2019aime que tout soit de la m\u00eame couleur. Je trouve que \u00e7a me va plut\u00f4t bien. Je n\u2019aime pas le jaune, l\u2019orange et ces couleurs tr\u00e8s vives. Je pr\u00e9f\u00e8re les couleurs plus fonc\u00e9es. Encore une fois, tout le monde est diff\u00e9\u00adrent. La mode en dehors du terrain est diff\u00e9\u00adrente. J\u2019ai encore beau\u00adcoup \u00e0 apprendre sur la mode en dehors du terrain (sourire). Je suis juste une jeune femme de 23 ans tout \u00e0 fait normale. Rien de\u00a0fou\u202f\u00bb<\/strong><\/p>\n<p class=\"post-published-date\" style=\"color: silver; font-size: 75%; text-align: left;\">Publi\u00e9 le dimanche 11 mai 2025 \u00e0 09:50<\/p>\n","protected":false},"excerpt":{"rendered":"Si beau\u00adcoup de jour\u00adna\u00adlistes se sont attard\u00e9s sur sa perfor\u00admance face \u00e0 Navone, d\u2019autres ont pr\u00e9f\u00e9r\u00e9 parler de&hellip;\n","protected":false},"author":2,"featured_media":91424,"comment_status":"","ping_status":"","sticky":false,"template":"","format":"standard","meta":{"footnotes":""},"categories":[1415],"tags":[1011,27,2127,60,1467],"class_list":{"0":"post-91423","1":"post","2":"type-post","3":"status-publish","4":"format-standard","5":"has-post-thumbnail","7":"category-tennis","8":"tag-fr","9":"tag-france","10":"tag-sinner","11":"tag-sports","12":"tag-tennis"},"share_on_mastodon":{"url":"https:\/\/pubeurope.com\/@fr\/114488377561169781","error":""},"_links":{"self":[{"href":"https:\/\/www.europesays.com\/fr\/wp-json\/wp\/v2\/posts\/91423","targetHints":{"allow":["GET"]}}],"collection":[{"href":"https:\/\/www.europesays.com\/fr\/wp-json\/wp\/v2\/posts"}],"about":[{"href":"https:\/\/www.europesays.com\/fr\/wp-json\/wp\/v2\/types\/post"}],"author":[{"embeddable":true,"href":"https:\/\/www.europesays.com\/fr\/wp-json\/wp\/v2\/users\/2"}],"replies":[{"embeddable":true,"href":"https:\/\/www.europesays.com\/fr\/wp-json\/wp\/v2\/comments?post=91423"}],"version-history":[{"count":0,"href":"https:\/\/www.europesays.com\/fr\/wp-json\/wp\/v2\/posts\/91423\/revisions"}],"wp:featuredmedia":[{"embeddable":true,"href":"https:\/\/www.europesays.com\/fr\/wp-json\/wp\/v2\/media\/91424"}],"wp:attachment":[{"href":"https:\/\/www.europesays.com\/fr\/wp-json\/wp\/v2\/media?parent=91423"}],"wp:term":[{"taxonomy":"category","embeddable":true,"href":"https:\/\/www.europesays.com\/fr\/wp-json\/wp\/v2\/categories?post=91423"},{"taxonomy":"post_tag","embeddable":true,"href":"https:\/\/www.europesays.com\/fr\/wp-json\/wp\/v2\/tags?post=91423"}],"curies":[{"name":"wp","href":"https:\/\/api.w.org\/{rel}","templated":true}]}}