{"id":914272,"date":"2026-05-06T04:47:09","date_gmt":"2026-05-06T04:47:09","guid":{"rendered":"https:\/\/www.europesays.com\/fr\/914272\/"},"modified":"2026-05-06T04:47:09","modified_gmt":"2026-05-06T04:47:09","slug":"commerces-a-malakoff-la-fermeture-de-lhistorique-magasin-monoprix-aura-lieu-plus-tot-que-prevu","status":"publish","type":"post","link":"https:\/\/www.europesays.com\/fr\/914272\/","title":{"rendered":"Commerces : \u00e0 Malakoff, la fermeture de l&rsquo;historique magasin Monoprix aura lieu plus t\u00f4t que pr\u00e9vu"},"content":{"rendered":"<p>                    Par<br \/>\n        <strong><br \/>\n            <a href=\"https:\/\/actu.fr\/auteur\/antoine-grotteria02\" title=\"Consulter tous les articles de Antoine Grotteria\" rel=\"nofollow noopener\" target=\"_blank\">Antoine Grotteria<\/a><br \/>\n                    <\/strong><\/p>\n<p>        Publi\u00e9 le<\/p>\n<p>            6 mai 2026 \u00e0 6h38        <\/p>\n<p>Il y avait peu d\u2019espoir. C\u2019est d\u00e9sormais officiel. Le magasin <a href=\"https:\/\/actu.fr\/tag\/monoprix\" rel=\"nofollow noopener\" target=\"_blank\">Monoprix<\/a> de <a href=\"https:\/\/actu.fr\/ile-de-france\/malakoff_92046\" rel=\"nofollow noopener\" target=\"_blank\">Malakoff<\/a> (Hauts-de-Seine), l\u2019un des plus grands d\u2019<a href=\"https:\/\/actu.fr\/ile-de-france\/\" rel=\"nofollow noopener\" target=\"_blank\">\u00cele-de-France<\/a>, va <strong>fermer<\/strong> ses portes le <strong>lundi 15\u00a0juin 2026<\/strong>, a fait savoir l\u2019enseigne dans un mail adress\u00e9 aux clients d\u00e9but mai\u00a02026. L\u2019information a \u00e9t\u00e9 confirm\u00e9e aupr\u00e8s d\u2019actu Paris par le secr\u00e9taire g\u00e9n\u00e9ral de l\u2019union locale Malakoff CGT, C\u00e9dric Mastain. La cession de l\u2019activit\u00e9 interviendra trois mois avant la promesse initiale, fix\u00e9e \u00e0 fin septembre.<\/p>\n<p>Des salari\u00e9s d\u00e9j\u00e0 reclass\u00e9s<\/p>\n<p class=\" wall-content\">L\u2019issue pouvait difficilement \u00eatre diff\u00e9rente depuis <a href=\"https:\/\/actu.fr\/ile-de-france\/malakoff_92046\/monoprix-annonce-des-fermetures-de-magasins-dans-les-hauts-de-seine-et-le-val-de-marne_63822320.html\" rel=\"nofollow noopener\" target=\"_blank\">l\u2019annonce<\/a>, en f\u00e9vrier\u00a02026, de la fermeture de cinq \u00e9tablissements du distributeur du groupe Casino dans les Hauts-de-Seine et dans le Val-de-Marne. En <strong>difficult\u00e9s financi\u00e8res<\/strong>, le vaisseau du <a href=\"https:\/\/actu.fr\/economie\/fnac-darty-nature-decouvertes-quels-changements-pour-les-clients-apres-l-opa-de-daniel-kretinsky_63747561.html\" rel=\"nofollow noopener\" target=\"_blank\">milliardaire tch\u00e8que Daniel Kretinsky<\/a> a d\u00e9cid\u00e9 de d\u00e9graisser en s\u2019attaquant \u00e0 des \u00e9tablissements bien implant\u00e9s dans leur territoire.<\/p>\n<p class=\" wall-content\">N\u00e9 au d\u00e9but des ann\u00e9es 1980, le Monoprix de Malakoff a connu <strong>300 salari\u00e9s<\/strong> \u00e0 ses d\u00e9buts, avant de plonger progressivement. En perte de vitesse, le magasin reste malgr\u00e9 tout l\u2019un des fleurons de l\u2019enseigne. Outre la disparition d\u2019un commerce urbain hybride, Malakoff essuie un revers sur le volet social avec le d\u00e9part des <strong>82 salari\u00e9s<\/strong>.<\/p>\n<p class=\" wall-content\">Selon C\u00e9dric Mastain, certains d\u2019entre eux ont d\u00e9j\u00e0 \u00e9t\u00e9 recas\u00e9s. \u00ab\u2009Mais la direction envoie ces salari\u00e9s sans avoir averti les responsables des magasins en question. D\u2019apr\u00e8s les informations qu\u2019on a, <strong>certains estiment qu\u2019ils pourraient \u00eatre licenci\u00e9s<\/strong>\u2009\u00bb, s\u2019inqui\u00e8te le c\u00e9g\u00e9tiste.<\/p>\n<p>\u00ab\u2009Aucune suppression d\u2019emploi\u2009\u00bb, selon Monoprix<\/p>\n<p class=\" wall-content\">Sollicit\u00e9e par actu Paris, la direction de Monoprix a soulign\u00e9 que \u00ab\u2009l\u2019ensemble des collaborateurs [\u00e9tait] repositionn\u00e9 dans <strong>le m\u00eame bassin d\u2019emploi<\/strong>, en r\u00e9gion \u00cele-de-France, au sein des 102 magasins Monoprix situ\u00e9s \u00e0 Paris et en petite couronne\u2009\u00bb. Selon le g\u00e9ant de la grande distribution, \u00ab\u2009ce dispositif permet de pr\u00e9server l\u2019emploi de l\u2019ensemble des salari\u00e9s dans les meilleures conditions possibles\u2009\u00bb.<\/p>\n<p class=\" wall-content\">Si la date de fermeture est act\u00e9e, les syndicats ont r\u00e9clam\u00e9 une expertise aupr\u00e8s du <a href=\"https:\/\/actu.fr\/tag\/tribunal-administratif-de-cergy-pontoise\" rel=\"nofollow noopener\" target=\"_blank\">tribunal administratif de Cergy-Pontoise<\/a>. Ils seront re\u00e7us ce mercredi 6\u00a0mai \u00e0 14\u00a0heures lors d\u2019une audience. Un recours qui ne devrait pas changer le cours des choses.<\/p>\n<p class=\" wall-content\">Les clients du magasin ont \u00e9t\u00e9 inform\u00e9s par la direction que les stands seraient d\u00e9finitivement ferm\u00e9s le <strong>24\u00a0mai<\/strong>. Le magasin devra quant \u00e0 lui \u00eatre vid\u00e9 le 30\u00a0juin. Des travaux seront ensuite men\u00e9s durant trois mois. Le futur acqu\u00e9reur n\u2019est <strong>pas encore connu<\/strong>. Sera-t-il dans l\u2019univers de la grande distribution\u2009? Rien n\u2019est moins s\u00fbr.<\/p>\n<p class=\" wall-content\">Personnalisez votre actualit\u00e9 en ajoutant vos villes et m\u00e9dias en favori avec <a href=\"https:\/\/moncompte.actu.fr\" title=\"D\u00e9couvez Mon Actu\" rel=\"nofollow noopener\" data-trk=\"{&quot;cta&quot;:{&quot;action&quot;:&quot;https:\\\/\\\/moncompte.actu.fr&quot;,&quot;category&quot;:&quot;mon compte&quot;,&quot;from&quot;:&quot;article footer&quot;,&quot;name&quot;:&quot;Mon actu&quot;,&quot;type&quot;:&quot;cta&quot;}}\" target=\"_blank\">Mon Actu<\/a>.<\/p>\n","protected":false},"excerpt":{"rendered":"Par Antoine Grotteria Publi\u00e9 le 6 mai 2026 \u00e0 6h38 Il y avait peu d\u2019espoir. C\u2019est d\u00e9sormais officiel.&hellip;\n","protected":false},"author":2,"featured_media":914273,"comment_status":"","ping_status":"","sticky":false,"template":"","format":"standard","meta":{"footnotes":"","_share_on_mastodon":"0"},"categories":[1592],"tags":[1111,11,33,341,1777,674,1011,27,662,34256,12,626,25,3427],"class_list":["post-914272","post","type-post","status-publish","format-standard","has-post-thumbnail","category-ile-de-france","tag-actu","tag-actualites","tag-economie","tag-emploi","tag-eu","tag-europe","tag-fr","tag-france","tag-ile-de-france","tag-monoprix","tag-news","tag-paris","tag-republique-francaise","tag-syndicats"],"share_on_mastodon":{"url":"https:\/\/pubeurope.com\/@fr\/116525822619884636","error":""},"_links":{"self":[{"href":"https:\/\/www.europesays.com\/fr\/wp-json\/wp\/v2\/posts\/914272","targetHints":{"allow":["GET"]}}],"collection":[{"href":"https:\/\/www.europesays.com\/fr\/wp-json\/wp\/v2\/posts"}],"about":[{"href":"https:\/\/www.europesays.com\/fr\/wp-json\/wp\/v2\/types\/post"}],"author":[{"embeddable":true,"href":"https:\/\/www.europesays.com\/fr\/wp-json\/wp\/v2\/users\/2"}],"replies":[{"embeddable":true,"href":"https:\/\/www.europesays.com\/fr\/wp-json\/wp\/v2\/comments?post=914272"}],"version-history":[{"count":0,"href":"https:\/\/www.europesays.com\/fr\/wp-json\/wp\/v2\/posts\/914272\/revisions"}],"wp:featuredmedia":[{"embeddable":true,"href":"https:\/\/www.europesays.com\/fr\/wp-json\/wp\/v2\/media\/914273"}],"wp:attachment":[{"href":"https:\/\/www.europesays.com\/fr\/wp-json\/wp\/v2\/media?parent=914272"}],"wp:term":[{"taxonomy":"category","embeddable":true,"href":"https:\/\/www.europesays.com\/fr\/wp-json\/wp\/v2\/categories?post=914272"},{"taxonomy":"post_tag","embeddable":true,"href":"https:\/\/www.europesays.com\/fr\/wp-json\/wp\/v2\/tags?post=914272"}],"curies":[{"name":"wp","href":"https:\/\/api.w.org\/{rel}","templated":true}]}}