{"id":91429,"date":"2025-05-11T09:02:15","date_gmt":"2025-05-11T09:02:15","guid":{"rendered":"https:\/\/www.europesays.com\/fr\/91429\/"},"modified":"2025-05-11T09:02:15","modified_gmt":"2025-05-11T09:02:15","slug":"vtt-les-plus-jeunes-ouvrent-les-premieres-cotes-de-blanzac-avec-le-trophee-departemental","status":"publish","type":"post","link":"https:\/\/www.europesays.com\/fr\/91429\/","title":{"rendered":"VTT : les plus jeunes ouvrent les premi\u00e8res c\u00f4tes de Blanzac avec le troph\u00e9e d\u00e9partemental"},"content":{"rendered":"<p>\t\t\t\t\t\t\t\t\t\t\t\t\t\t\t\t\t\t\t\t\t\t\t\t\t\t\t\t\t\t\t\t\t\t\t\t\t\t\t\t\t\t\t\t\t\t\t\t\t\t\t\t\t\t\t\t\t\t\t\t\t\t\t<a href=\"https:\/\/www.lacommere43.fr\/component\/banners\/click\/1775.html\" target=\"_blank\" title=\"Tence Rural Master mai 2025\" rel=\"nofollow noopener\"><br \/>\n\t\t\t\t\t\t\t<img decoding=\"async\" src=\"https:\/\/www.europesays.com\/fr\/wp-content\/uploads\/2025\/05\/rural2025-3.gif\" alt=\"Tence Rural Master mai 2025\"\/><br \/>\n\t\t\t\t\t\t<\/a><\/p>\n<p>\t\t\t\t\t\t\t\t\t\t\t\t\t\t\t\t\t\t\t\t\t\t\t\t\t\t\t\t\t\t\t\t\t\t\t\t\t\t\t\t\t\t\t\t\t\t\t\t\t\t\t\t\t\t\t\t\t\t\t\t\t\t\t<a href=\"https:\/\/www.lacommere43.fr\/component\/banners\/click\/1751.html\" target=\"_blank\" title=\"Chevalier Fr\u00e8res avril 2025\" rel=\"nofollow noopener\"><br \/>\n\t\t\t\t\t\t\t<img decoding=\"async\" src=\"https:\/\/www.europesays.com\/fr\/wp-content\/uploads\/2025\/05\/1746954135_198_chevalier2.gif\" alt=\"Chevalier Fr\u00e8res avril 2025\"\/><br \/>\n\t\t\t\t\t\t<\/a><\/p>\n<p><strong>L&rsquo;Union Cycliste du Puy-en-Velay organise ce week-end les premi\u00e8res c\u00f4tes de Blanzac. Le Troph\u00e9e D\u00e9partemental du Jeune V\u00e9t\u00e9tiste \u00e9tait au programme samedi. Dimanche, place \u00e0 la coupe r\u00e9gionale AURA de cross-country.<\/strong><\/p>\n<p>L&rsquo;UC Puy-en-Velay a fabriqu\u00e9 des obstacles de trial et a trac\u00e9 un parcours de cross autour du stade de Blanzac. Samedi, une centaine de jeunes v\u00e9t\u00e9tistes, de U7 \u00e0 U17 ont disput\u00e9 le TDJV, le Troph\u00e9e D\u00e9partemental du Jeune V\u00e9t\u00e9tiste avec les deux \u00e9preuves combin\u00e9es du trial et du cross-country (XCO).<\/p>\n<p>L&rsquo;UCPV remporte l&rsquo;\u00e9preuve en U13 avec Hugo Maurin, en U15 avec Mathys Pic. Gol\u00e8ne Evasion \u00e9tait encore en force et s&rsquo;impose en U9 avec Diego Drevet, en U11 avec M\u00e9lina Frossard, en U15 avec Ana\u00e9 Rivoirard et en U17 avec Cl\u00e9ment Maury.<\/p>\n<p>Dimanche, les c\u00f4tes de Blanzac se poursuivent avec la coupe AURA, avec 150 inscrits des U15 aux seniors sur un parcours exigeant de 3,5 km et 170 m de d\u00e9nivel\u00e9 positif, empruntant l&rsquo;ancien circuit de motocross. Les courses sont pr\u00e9vues \u00e0 9 h 30 (U15), 10 h 30 (U17 et U19F), 13 h 15 (U19G, Masters et Elite F) et 15 heures (Elite H et U23).<\/p>\n<p><strong>Classements de samedi<\/strong><\/p>\n<p><a href=\"https:\/\/www.lacommere43.fr\/images\/U7.pdf\" target=\"_blank\" rel=\"nofollow noopener\">U7<\/a><\/p>\n<p><a href=\"https:\/\/www.lacommere43.fr\/images\/U9_copy.pdf\" target=\"_blank\" rel=\"nofollow noopener\">U9<\/a><\/p>\n<p><a href=\"https:\/\/www.lacommere43.fr\/images\/U11_copy_copy.pdf\" target=\"_blank\" rel=\"nofollow noopener\">U11<\/a><\/p>\n<p><a href=\"https:\/\/www.lacommere43.fr\/images\/U13_copy_copy.pdf\" target=\"_blank\" rel=\"nofollow noopener\">U13<\/a><\/p>\n<p><a href=\"https:\/\/www.lacommere43.fr\/images\/U15_copy_copy.pdf\" target=\"_blank\" rel=\"nofollow noopener\">U15<\/a><\/p>\n<p><a href=\"https:\/\/www.lacommere43.fr\/images\/U17_copy.pdf\" target=\"_blank\" rel=\"nofollow noopener\">U17<\/a><\/p>\n","protected":false},"excerpt":{"rendered":"L&rsquo;Union Cycliste du Puy-en-Velay organise ce week-end les premi\u00e8res c\u00f4tes de Blanzac. Le Troph\u00e9e D\u00e9partemental du Jeune V\u00e9t\u00e9tiste&hellip;\n","protected":false},"author":2,"featured_media":91430,"comment_status":"","ping_status":"","sticky":false,"template":"","format":"standard","meta":{"footnotes":""},"categories":[1411],"tags":[2281,1154,207,2282,1011,27,2280,2284,2285,2283,60],"class_list":{"0":"post-91429","1":"post","2":"type-post","3":"status-publish","4":"format-standard","5":"has-post-thumbnail","7":"category-cyclisme","8":"tag-actualite-43","9":"tag-cycling","10":"tag-cyclisme","11":"tag-faits-divers-auvergne","12":"tag-fr","13":"tag-france","14":"tag-information-haute-loire","15":"tag-infos-43","16":"tag-journal-haute-loire","17":"tag-la-commere-43","18":"tag-sports"},"share_on_mastodon":{"url":"https:\/\/pubeurope.com\/@fr\/114488393486602652","error":""},"_links":{"self":[{"href":"https:\/\/www.europesays.com\/fr\/wp-json\/wp\/v2\/posts\/91429","targetHints":{"allow":["GET"]}}],"collection":[{"href":"https:\/\/www.europesays.com\/fr\/wp-json\/wp\/v2\/posts"}],"about":[{"href":"https:\/\/www.europesays.com\/fr\/wp-json\/wp\/v2\/types\/post"}],"author":[{"embeddable":true,"href":"https:\/\/www.europesays.com\/fr\/wp-json\/wp\/v2\/users\/2"}],"replies":[{"embeddable":true,"href":"https:\/\/www.europesays.com\/fr\/wp-json\/wp\/v2\/comments?post=91429"}],"version-history":[{"count":0,"href":"https:\/\/www.europesays.com\/fr\/wp-json\/wp\/v2\/posts\/91429\/revisions"}],"wp:featuredmedia":[{"embeddable":true,"href":"https:\/\/www.europesays.com\/fr\/wp-json\/wp\/v2\/media\/91430"}],"wp:attachment":[{"href":"https:\/\/www.europesays.com\/fr\/wp-json\/wp\/v2\/media?parent=91429"}],"wp:term":[{"taxonomy":"category","embeddable":true,"href":"https:\/\/www.europesays.com\/fr\/wp-json\/wp\/v2\/categories?post=91429"},{"taxonomy":"post_tag","embeddable":true,"href":"https:\/\/www.europesays.com\/fr\/wp-json\/wp\/v2\/tags?post=91429"}],"curies":[{"name":"wp","href":"https:\/\/api.w.org\/{rel}","templated":true}]}}