{"id":91437,"date":"2025-05-11T09:07:09","date_gmt":"2025-05-11T09:07:09","guid":{"rendered":"https:\/\/www.europesays.com\/fr\/91437\/"},"modified":"2025-05-11T09:07:09","modified_gmt":"2025-05-11T09:07:09","slug":"nicolas-bedos-et-louis-sarkozy-lea-salame-en-remet-une-couche-avec-un-grand-sourire-dans-quelle-epoque","status":"publish","type":"post","link":"https:\/\/www.europesays.com\/fr\/91437\/","title":{"rendered":"Nicolas Bedos et Louis Sarkozy : L\u00e9a Salam\u00e9 en remet une couche avec un grand sourire dans Quelle \u00e9poque !"},"content":{"rendered":"<p>Une semaine apr\u00e8s une \u00e9mission tr\u00e8s comment\u00e9e, Quelle \u00c9poque a<br \/>\nrepris l\u2019antenne sur France 2 avec une ouverture pour le moins<br \/>\npiquante. L\u00e9a Salam\u00e9 a pris soin de revenir, sans jamais les<br \/>\nnommer, sur les d\u00e9bats suscit\u00e9s par les s\u00e9quences impliquant Louis<br \/>\nSarkozy et Nicolas Bedos. Le tout avec humour et un sourire en<br \/>\ncoin.<\/p>\n<p>Une phrase bien sentie d\u00e8s l\u2019ouverture<\/p>\n<p>Ce samedi 10 mai, d\u00e8s les premi\u00e8res minutes de Quelle \u00c9poque,<br \/>\nL\u00e9a Salam\u00e9 a interpell\u00e9 son chroniqueur Paul Saint-Sernin avec une<br \/>\nphrase qui n\u2019avait rien d\u2019anodin : \u00ab\u00a0Comment \u00e7a va mon petit<br \/>\nPaul ? Grosse semaine dites-moi\u2026 \u00a0\u00bb Si ce dernier a d\u2019abord<br \/>\nr\u00e9pondu en \u00e9voquant un d\u00e9placement professionnel en Corse et la<br \/>\nqualification du PSG en finale de la Ligue des champions, la<br \/>\njournaliste, elle, avait un tout autre sujet en t\u00eate.<\/p>\n<p><a href=\"https:\/\/www.closermag.fr\/tv_tele_realite\/ca-memeut-lea-salame-mielleuse-elle-en-fait-des-caisses-en-direct-face-a-laurent-ruquier-et-cest-tres-genant-3542849\" target=\"_blank\" rel=\"noopener\"><br \/>\nL\u00e9a Salam\u00e9<\/a> a alors insist\u00e9 : \u00ab\u00a0Je ne parlais pas que de \u00e7a<br \/>\nmoi\u2026 Grosse semaine quand m\u00eame, on a beaucoup parl\u00e9 de vous. Il y<br \/>\nen a qui ont aim\u00e9, il y en a qui n&rsquo;ont pas aim\u00e9\u2026 \u00a0\u00bb Une<br \/>\nallusion claire aux nombreuses r\u00e9actions suscit\u00e9es par l\u2019\u00e9mission<br \/>\ndu 3 mai. Paul Saint-Sernin a tent\u00e9 de balayer la pol\u00e9mique avec<br \/>\nhumour : \u00ab\u00a0Moi je n\u2019ai vu que des gens qui ont aim\u00e9, je suis<br \/>\ntrop content.\u00a0\u00bb Une mani\u00e8re de minimiser les critiques, tout en<br \/>\nconfirmant que les s\u00e9quences en question n\u2019\u00e9taient pas pass\u00e9es<br \/>\ninaper\u00e7ues.<\/p>\n<p>Louis Sarkozy interrompu, Nicolas Bedos<br \/>\nrecadr\u00e9<\/p>\n<p>La semaine pr\u00e9c\u00e9dente, Quelle \u00c9poque avait provoqu\u00e9 de<br \/>\nnombreuses r\u00e9actions sur les r\u00e9seaux sociaux et dans la presse.<br \/>\nDeux s\u00e9quences, en particulier, ont retenu l\u2019attention.<\/p>\n<p>D\u2019abord, celle de <a href=\"https:\/\/www.closermag.fr\/people\/louis-sarkozy-humilie-sur-france-2-madame-salame-a-il-coupe-court-au-debat-3542854\" target=\"_blank\" rel=\"noopener\"><br \/>\nLouis Sarkozy<\/a>, venu pr\u00e9senter son ouvrage. Alors qu\u2019il tentait<br \/>\nd\u2019engager un d\u00e9bat sur des sujets politiques sensibles, Paul<br \/>\nSaint-Sernin l\u2019a coup\u00e9 court en disant : \u00ab\u00a0L\u00e9a, tu sais que ton<br \/>\np\u00e8re c&rsquo;est un voleur ? Parce qu&rsquo;il a pris toutes les \u00e9toiles dans<br \/>\nle ciel et les a mises dans tes yeux. Louis, tu sais que\u00a0ton<br \/>\np\u00e8re c&rsquo;est un voleur ?\u00a0Voil\u00e0, c&rsquo;est tout\u201d.<\/p>\n<p>Ensuite, c\u2019\u00e9tait au tour de <a href=\"https:\/\/www.closermag.fr\/people\/lea-salame-a-fait-regretter-la-garde-a-vue-a-nicolas-bedos-sa-pique-acide-apres-quelle-epoque-3543150\" target=\"_blank\" rel=\"noopener\"><br \/>\nNicolas Bedos<\/a>, de subir les vannes de l\u2019humouriste de 33<br \/>\nans\u00a0: Tout l\u2019argent r\u00e9colt\u00e9 gr\u00e2ce \u00e0 la vente de ce livre va<br \/>\n\u00eatre revers\u00e9 \u00e0 une association de victimes. Tu ne le sais pas, je<br \/>\nviens de le d\u00e9cider\u201d. Une remarque \u00e0 laquelle le principal<br \/>\nint\u00e9ress\u00e9 \u00e0 r\u00e9agi avec agacement en disant : \u201cC\u2019est s\u00e9rieux ce<br \/>\nqu\u2019on dit, c\u2019est s\u00e9rieux\u201d.<\/p>\n","protected":false},"excerpt":{"rendered":"Une semaine apr\u00e8s une \u00e9mission tr\u00e8s comment\u00e9e, Quelle \u00c9poque a repris l\u2019antenne sur France 2 avec une ouverture&hellip;\n","protected":false},"author":2,"featured_media":91438,"comment_status":"","ping_status":"","sticky":false,"template":"","format":"standard","meta":{"footnotes":""},"categories":[1356],"tags":[548,58,59,1011,27,3806,17927,16083,252,1364],"class_list":{"0":"post-91437","1":"post","2":"type-post","3":"status-publish","4":"format-standard","5":"has-post-thumbnail","7":"category-television","8":"tag-article-simple","9":"tag-divertissement","10":"tag-entertainment","11":"tag-fr","12":"tag-france","13":"tag-lea-salame","14":"tag-louis-sarkozy","15":"tag-nicolas-bedos","16":"tag-television","17":"tag-tv"},"share_on_mastodon":{"url":"https:\/\/pubeurope.com\/@fr\/114488413214027924","error":""},"_links":{"self":[{"href":"https:\/\/www.europesays.com\/fr\/wp-json\/wp\/v2\/posts\/91437","targetHints":{"allow":["GET"]}}],"collection":[{"href":"https:\/\/www.europesays.com\/fr\/wp-json\/wp\/v2\/posts"}],"about":[{"href":"https:\/\/www.europesays.com\/fr\/wp-json\/wp\/v2\/types\/post"}],"author":[{"embeddable":true,"href":"https:\/\/www.europesays.com\/fr\/wp-json\/wp\/v2\/users\/2"}],"replies":[{"embeddable":true,"href":"https:\/\/www.europesays.com\/fr\/wp-json\/wp\/v2\/comments?post=91437"}],"version-history":[{"count":0,"href":"https:\/\/www.europesays.com\/fr\/wp-json\/wp\/v2\/posts\/91437\/revisions"}],"wp:featuredmedia":[{"embeddable":true,"href":"https:\/\/www.europesays.com\/fr\/wp-json\/wp\/v2\/media\/91438"}],"wp:attachment":[{"href":"https:\/\/www.europesays.com\/fr\/wp-json\/wp\/v2\/media?parent=91437"}],"wp:term":[{"taxonomy":"category","embeddable":true,"href":"https:\/\/www.europesays.com\/fr\/wp-json\/wp\/v2\/categories?post=91437"},{"taxonomy":"post_tag","embeddable":true,"href":"https:\/\/www.europesays.com\/fr\/wp-json\/wp\/v2\/tags?post=91437"}],"curies":[{"name":"wp","href":"https:\/\/api.w.org\/{rel}","templated":true}]}}