{"id":91441,"date":"2025-05-11T09:09:14","date_gmt":"2025-05-11T09:09:14","guid":{"rendered":"https:\/\/www.europesays.com\/fr\/91441\/"},"modified":"2025-05-11T09:09:14","modified_gmt":"2025-05-11T09:09:14","slug":"sophie-letourneur-laventura-cest-un-film-sur-les-meres-et-le-temps-qui-passe","status":"publish","type":"post","link":"https:\/\/www.europesays.com\/fr\/91441\/","title":{"rendered":"Sophie Letourneur\u00a0: \u00ab\u00a0L\u2019Aventura, c\u2019est un film sur les m\u00e8res et le temps qui passe\u00a0\u00bb"},"content":{"rendered":"<p>Peut-on consid\u00e9rer \u00ab\u00a0L\u2019Aventura\u00a0\u00bb comme le deuxi\u00e8me volet d\u2019une trilogie\u00a0?<\/p>\n<p>Sophie Letourneur : Oui. \u00ab\u00a0Voyages en Italie\u00a0\u00bb, c\u2019est le couple, puis \u00ab\u00a0L\u2019Aventura\u00a0\u00bb, le couple avec ses enfants. Le troisi\u00e8me volet, ce sera \u00ab\u00a0Divorce \u00e0 l\u2019italienne\u00a0\u00bb, jou\u00e9 par d\u2019autres acteurs que nous, m\u00eame si nous y ferons des apparitions. Le d\u00e9calage va \u00eatre marrant.<\/p>\n<p><a href=\"https:\/\/www.letelegramme.fr\/culture-loisirs\/cinema\/\" target=\"_blank\" rel=\"noopener\">Notre rubrique cin\u00e9ma<\/a>Comme pour \u00ab\u00a0\u00c9norme\u00a0\u00bb et \u00ab\u00a0Voyages en Italie\u00a0\u00bb, c\u2019est la vie qui vous inspire\u2026<\/p>\n<p><a href=\"https:\/\/www.letelegramme.fr\/france\/sophie-letourneur-j-ai-voulu-montrer-une-facette-plus-complexe-de-la-maternite-158484.php\" target=\"_blank\" rel=\"noopener\">\u00ab\u00a0\u00c9norme\u00a0\u00bb<\/a>, ce n\u2019\u00e9tait pas ma vie non plus mais une facette du ressenti de la maternit\u00e9 et de la paternit\u00e9, bas\u00e9 sur des enregistrements, faits en 2016. Ensuite, c\u2019est ma fille qui, apr\u00e8s \u00ab\u00a0Voyages en Italie\u00a0\u00bb, voulait enregistrer les vacances. Je me suis appuy\u00e9e sur mes bandes-son. \u00ab\u00a0L\u2019Aventura\u00a0\u00bb, c\u2019est encore plus une reconstitution\u00a0: les endroits o\u00f9 nous sommes all\u00e9s, les gens\u2026 Avec, comme toujours, un peu d\u2019autofiction\u00a0: si Francesco existe, je n\u2019ai pas fum\u00e9 de joints avec lui, comme dans le film (rires).<\/p>\n<p><img decoding=\"async\" src=\"https:\/\/www.europesays.com\/fr\/wp-content\/uploads\/2025\/05\/681fb8a3b67f5ba0ca0aad9f.1.jpeg\" width=\"480\" height=\"300\" class=\"web_golden_m\" loading=\"lazy\" alt=\"Sophie Letourneur a choisi Philippe Katerine pour jouer son mari pour son film \u00ab\u00a0L\u2019Aventura\u00a0\u00bb.\"\/>Sophie Letourneur a choisi Philippe Katerine pour jouer son mari pour son film \u00ab\u00a0L\u2019Aventura\u00a0\u00bb. (Tourne Films\/Atelier de Production)Dans \u00ab\u00a0L\u2019Aventura\u00a0\u00bb, on a l\u2019impression que les dialogues sont improvis\u00e9s. Ce n\u2019est pas le cas\u00a0?<\/p>\n<p>Non, c\u2019est tr\u00e8s \u00e9crit. On joue avec des oreillettes et des bandes-son que j\u2019ai enregistr\u00e9es pour B\u00e9r\u00e9nice (Vernet, la jeune actrice qui joue la fille dans le film, NDLR), Philippe (Katerine) et moi. Je voulais, dans cette trilogie, aller au bout, dans ces histoires d\u2019autofiction, de souvenirs et de r\u00e9cit.<\/p>\n<p>Ce sont vos enregistrements et vos films de vacances qui figurent dans le film\u00a0?<\/p>\n<p>Oui, \u00e0 la fin, on voit ma m\u00e8re, mon p\u00e8re, mon fils, vivre les m\u00eames sc\u00e8nes, faire les m\u00eames gestes. C\u2019est un film sur les m\u00e8res, la fatigue extr\u00eame, quand le corps est compl\u00e8tement accapar\u00e9 par les enfants\u00a0: tout cet amour, tout ce qu\u2019on donne. Mais c\u2019est aussi, sur le temps qui passe, ce kal\u00e9idoscope d\u2019instants, cette obsession de vouloir reconstituer, revenir en arri\u00e8re, ces \u00e9tapes qu\u2019on passe dans nos vies, inexorables, ces images sont l\u00e0 pour \u00e7a.<\/p>\n<p>C\u2019est une analyse du lien conjugal, aussi\u2026<\/p>\n<p>De la famille en g\u00e9n\u00e9ral. Les grandes vacances sont une \u00e9tape vers diff\u00e9rents \u00e2ges. Pour Claudine, qui ne veut pas l\u00e2cher l\u2019enfance mais qui entre en sixi\u00e8me et va vers l\u2019adolescence. Pour Raoul, dont le tissu sonore n\u2019est pas du tout articul\u00e9, mais, au fur et \u00e0 mesure, il va vers le langage, c\u2019est l\u2019\u00e9tape avant la maternelle. Et l\u2019autonomie des enfants fait bouger les lignes du couple. Ces vacances ne sauveront rien mais, en m\u00eame temps, il n\u2019y a pas beaucoup d\u2019espace pour l\u2019amour passion. Il y a une tension, une r\u00e9signation \u00e0 leur relation, comme beaucoup de couples qui restent ensemble, on ne sait pas trop pourquoi\u2026<\/p>\n<p>Pourquoi avoir choisi Philippe Katerine comme partenaire\u00a0?<\/p>\n<p>J\u2019adore ses chansons depuis 20 ans. C\u2019est un grand artiste, un grand po\u00e8te, je l\u2019admire \u00e9norm\u00e9ment. Je viens de le voir en concert au Z\u00e9nith, je trouve \u00e7a dingue comment il arrive \u00e0 \u00eatre populaire et exp\u00e9rimental. Il n\u2019a pas abandonn\u00e9 sa radicalit\u00e9, il continue d\u2019\u00eatre libre, pas snob et pr\u00e9tentieux dans son expression. Je me sens assez proche de \u00e7a. On se comprend sans avoir besoin de s\u2019expliquer.<\/p>\n<p>Vous jouiez dans votre pr\u00e9c\u00e9dent film, ce qui n\u2019\u00e9tait pas arriv\u00e9 depuis \u00ab\u00a0Les Coquillettes\u00a0\u00bb.<\/p>\n<p>C\u2019est vrai et, l\u00e0, je continue, c\u2019est plus simple. M\u00eame si une actrice connue, \u00e7a aurait \u00e9t\u00e9 bien\u00a0! Mais mon ancien associ\u00e9 m\u2019avait dit\u00a0: \u00ab\u00a0Il faut que tu joues dedans parce qu\u2019elle va \u00eatre trop insupportable, sinon\u00a0\u00bb (rires). Mais j\u2019aime bien \u00e7a. D\u2019ailleurs, j\u2019aimerais bien jouer dans les films de Christophe Honor\u00e9.<\/p>\n<p>Vous avez, comme lui, des origines bretonnes\u00a0!<\/p>\n<p>Oui\u00a0! Ma m\u00e8re vit \u00e0 Rennes. Ma grand-m\u00e8re maternelle est n\u00e9e \u00e0 Rennes aussi, mon fr\u00e8re vit \u00e0 Quimperl\u00e9 (29). J\u2019y vais tr\u00e8s souvent. D\u2019ailleurs, mon premier court-m\u00e9trage, \u00ab\u00a0Le marin masqu\u00e9\u00a0\u00bb, se passe \u00e0 Quimper.<\/p>\n<p>Vous allez boucler la trilogie. Avez-vous des projets pour la suite\u00a0?<\/p>\n<p>Je suis dans l\u2019\u00e9criture d\u2019un nouveau film de studio, une commande, avec des\u00a0actrices connues. Mais j\u2019ai aussi un projet au long cours sur le langage et les questions de genre, dont le pilote sera tourn\u00e9 \u00e0 Austin, au Texas, avec la Villa Albertine (un programme de r\u00e9sidences aux \u00c9tats-Unis mis en place par le gouvernement Fran\u00e7ais pour soutenir la cr\u00e9ation, NDLR). Le sujet\u00a0sera sur la masculinit\u00e9, \u00e0 travers le\u00a0choix de la vasectomie.<\/p>\n<p>Votre film fait l\u2019ouverture de l\u2019une des s\u00e9lections de Cannes, celle de l\u2019Acid. Est-ce une fiert\u00e9\u00a0?<\/p>\n<p>Bien s\u00fbr, on \u00e9tait super contents d\u2019\u00eatre s\u00e9lectionn\u00e9s \u00e0 Cannes. Un film, c\u2019est beaucoup de travail, avec tr\u00e8s peu d\u2019argent et, donc, un investissement personnel de toute l\u2019\u00e9quipe, un don de soi, sans regarder le temps et les moyens. Je suis contente pour nous tous, m\u00eame si l\u2019Acid est la seule s\u00e9lection qui a pris mes films (Rires). J\u2019y avais d\u00e9j\u00e0 pr\u00e9sent\u00e9 \u00ab\u00a0La vie au ranch\u00a0\u00bb, en 2009. C\u2019est une s\u00e9lection qui me ressemble, qui se positionne aussi comme un courageux et important lieu de contre-pouvoir, libre. Je suis hyperfi\u00e8re d\u2019y \u00eatre\u00a0!<\/p>\n<p class=\"note\">\u00ab\u00a0L\u2019aventura\u00a0\u00bb, sortie en salles le 2 juillet.<\/p>\n","protected":false},"excerpt":{"rendered":"Peut-on consid\u00e9rer \u00ab\u00a0L\u2019Aventura\u00a0\u00bb comme le deuxi\u00e8me volet d\u2019une trilogie\u00a0? Sophie Letourneur : Oui. \u00ab\u00a0Voyages en Italie\u00a0\u00bb, c\u2019est le&hellip;\n","protected":false},"author":2,"featured_media":91442,"comment_status":"","ping_status":"","sticky":false,"template":"","format":"standard","meta":{"footnotes":""},"categories":[1354],"tags":[11,829,650,251,872,58,59,1346,1011,27,1360,11878,584],"class_list":{"0":"post-91441","1":"post","2":"type-post","3":"status-publish","4":"format-standard","5":"has-post-thumbnail","7":"category-films","8":"tag-actualites","9":"tag-bretagne","10":"tag-cinema","11":"tag-culture","12":"tag-culture-et-loisirs","13":"tag-divertissement","14":"tag-entertainment","15":"tag-films","16":"tag-fr","17":"tag-france","18":"tag-movies","19":"tag-quimperle","20":"tag-rennes"},"share_on_mastodon":{"url":"https:\/\/pubeurope.com\/@fr\/114488420964383021","error":""},"_links":{"self":[{"href":"https:\/\/www.europesays.com\/fr\/wp-json\/wp\/v2\/posts\/91441","targetHints":{"allow":["GET"]}}],"collection":[{"href":"https:\/\/www.europesays.com\/fr\/wp-json\/wp\/v2\/posts"}],"about":[{"href":"https:\/\/www.europesays.com\/fr\/wp-json\/wp\/v2\/types\/post"}],"author":[{"embeddable":true,"href":"https:\/\/www.europesays.com\/fr\/wp-json\/wp\/v2\/users\/2"}],"replies":[{"embeddable":true,"href":"https:\/\/www.europesays.com\/fr\/wp-json\/wp\/v2\/comments?post=91441"}],"version-history":[{"count":0,"href":"https:\/\/www.europesays.com\/fr\/wp-json\/wp\/v2\/posts\/91441\/revisions"}],"wp:featuredmedia":[{"embeddable":true,"href":"https:\/\/www.europesays.com\/fr\/wp-json\/wp\/v2\/media\/91442"}],"wp:attachment":[{"href":"https:\/\/www.europesays.com\/fr\/wp-json\/wp\/v2\/media?parent=91441"}],"wp:term":[{"taxonomy":"category","embeddable":true,"href":"https:\/\/www.europesays.com\/fr\/wp-json\/wp\/v2\/categories?post=91441"},{"taxonomy":"post_tag","embeddable":true,"href":"https:\/\/www.europesays.com\/fr\/wp-json\/wp\/v2\/tags?post=91441"}],"curies":[{"name":"wp","href":"https:\/\/api.w.org\/{rel}","templated":true}]}}