{"id":91443,"date":"2025-05-11T09:10:13","date_gmt":"2025-05-11T09:10:13","guid":{"rendered":"https:\/\/www.europesays.com\/fr\/91443\/"},"modified":"2025-05-11T09:10:13","modified_gmt":"2025-05-11T09:10:13","slug":"cancer-du-poumon-le-temoignage-dune-non-fumeuse","status":"publish","type":"post","link":"https:\/\/www.europesays.com\/fr\/91443\/","title":{"rendered":"Cancer du poumon : le t\u00e9moignage d&rsquo;une non-fumeuse"},"content":{"rendered":"<p>             <a href=\"https:\/\/ma-sante.news\/wp-content\/uploads\/2025\/04\/Magali-temoignage-cancer-poumon-campagne-depistage-ma-sante.jpg\" data-caption=\"Dynamique et sportive, cette m\u00e8re de trois enfants n&#039;imaginait pas une seconde pouvoir d\u00e9velopper un cancer du poumon. \u00a9Annie Gozard\" target=\"_blank\" rel=\"noopener\"><img loading=\"lazy\" decoding=\"async\" width=\"696\" height=\"464\" class=\"entry-thumb td-modal-image\" src=\"data:image\/svg+xml,%3Csvg%20xmlns=\" http:=\"\" data-lazy- data-lazy- alt=\"Magali, habitante de Haute-Savoie atteinte d'un cancer du poumon.\" title=\"Magali temoignage cancer poumon campagne depistage ma sante\" data-lazy-src=\"https:\/\/www.europesays.com\/fr\/wp-content\/uploads\/2025\/05\/Magali-temoignage-cancer-poumon-campagne-depistage-ma-sante-696x464.jpg\"\/><\/a>Dynamique et sportive, cette m\u00e8re de trois enfants n&rsquo;imaginait pas une seconde pouvoir d\u00e9velopper un cancer du poumon. \u00a9Annie Gozard                                    \t\t\t             <a class=\"gofollow\" data-track=\"MjgsMCwxLDYw\" href=\"https:\/\/ma-sante.news\/inscrivez-vous-a-notre-newsletter\/\" target=\"_blank\" rel=\"noopener\"><img loading=\"lazy\" decoding=\"async\" width=\"1068\" height=\"131\" src=\"data:image\/svg+xml,%3Csvg%20xmlns=\" http:=\"\" data-lazy-src=\"https:\/\/www.europesays.com\/fr\/wp-content\/uploads\/2025\/03\/banniere-newsletter.png\"\/><\/a> <\/p>\n<p>Injuste. C\u2019est peut-\u00eatre le premier mot qui vient \u00e0 l\u2019esprit, lorsque l\u2019on apprend que l\u2019on souffre d\u2019un cancer du poumon, <a href=\"https:\/\/ma-sante.news\/cancer-du-poumon-les-non-fumeurs-aussi-peuvent-etre-touches\/\" target=\"_blank\" rel=\"noopener\">alors m\u00eame que l\u2019on n\u2019a jamais fum\u00e9<\/a>.<\/p>\n<p>\u00ab\u00a0J\u2019ai toujours fait attention \u00e0 ce que je mange, je n\u2019ai jamais bu, jamais fum\u00e9. J\u2019estimais avoir une vie saine, donc le cancer du poumon, ce n\u2019\u00e9tait pas pour moi\u00a0\u00bb, confirme Magali Martinez. Tout juste quinquag\u00e9naire lorsqu\u2019elle a \u00e9t\u00e9 diagnostiqu\u00e9e, cette habitante de Haute-Savoie n\u2019a pas compris, sur le coup. \u00ab\u00a0\u00c0 l\u2019annonce, cela a \u00e9t\u00e9 compliqu\u00e9, car pour moi, c\u2019\u00e9tait clairement le cancer des fumeurs et de ceux qui ne prennent pas soin d\u2019eux\u00a0\u00bb.<\/p>\n<p>Mais le cancer du poumon n\u2019a pas que le tabac comme origine, m\u00eame s\u2019il s\u2019agit du facteur de risque le plus important. Mari\u00e9e et m\u00e8re de trois enfants, Magali vit \u00e0 \u00c9teaux, un petit village situ\u00e9 \u00e0 l\u2019entr\u00e9e de la vall\u00e9e de l\u2019Arve, r\u00e9put\u00e9e pour sa forte pollution atmosph\u00e9rique. Si la corr\u00e9lation n\u2019a pas \u00e9t\u00e9 formellement \u00e9tablie, elle montre \u00e0 quel point les id\u00e9es re\u00e7ues ont la vie dure, notamment en mati\u00e8re de cancer.<\/p>\n<p>        Premiers sympt\u00f4mes : \u201cCela ne m\u2019a pas alarm\u00e9\u201d    <\/p>\n<p>C\u2019est sans doute en raison de cette croyance tenace que Magali, tr\u00e8s impliqu\u00e9e dans son travail dans un lyc\u00e9e, particuli\u00e8rement sportive et dynamique, <a href=\"https:\/\/ma-sante.news\/cancer-du-poumon-quels-sont-les-premiers-symptomes\/\" target=\"_blank\" rel=\"noopener\">ne s\u2019est pas inqui\u00e9t\u00e9e au premier signe<\/a>. <\/p>\n<p>\u00ab\u00a0J\u2019avais une petite boule de graisse au niveau de l\u2019abdomen, depuis plusieurs mois. Cela ne m\u2019a pas alarm\u00e9. C\u2019est mon m\u00e9decin qui m\u2019a alert\u00e9 et conseill\u00e9 d\u2019aller faire un scanner\u00a0: il y avait des m\u00e9tastases au niveau de la pl\u00e8vre et du m\u00e9diastin. Le cancer \u00e9tait diagnostiqu\u00e9. En moins d\u2019un mois, j\u2019avais rencontr\u00e9 tous les sp\u00e9cialistes, j\u2019avais le r\u00e9sultat et je savais que c\u2019\u00e9tait un cancer du poumon \u00e0 mutation ROS1\u00a0\u00bb.<\/p>\n<p>Ce type de cancer du poumon, assez rare, touche plut\u00f4t des patients jeunes et potentiellement non-fumeurs (voir par ailleurs). Au verdict, Magali s\u2019est naturellement effondr\u00e9e. Pour la seconde fois de sa vie. \u00ab\u00a0C\u2019est un vrai tsunami. J\u2019ai une col\u00e8re noire, car c\u2019est le deuxi\u00e8me en 25 ans\u00a0\u00bb. <\/p>\n<p>Il ne s\u2019agit pas d\u2019une r\u00e9cidive. Son premier cancer avait touch\u00e9 les ganglions. Magali s\u2019en \u00e9tait remise, avec au passage la certitude que l\u2019on pouvait donc bel et bien triompher de la maladie.<\/p>\n<p>        \u00ab\u00a0Pour avoir un cancer du poumon, il suffit d\u2019avoir des poumons, et on en a tous\u00a0\u00bb    <\/p>\n<p>C\u2019est sans doute aussi pour cela, une fois le choc pass\u00e9, que son moral d\u2019acier a repris le dessus. Tout de suite, \u00ab\u00a0il y a eu un message d\u2019espoir\u00a0: au moment de l\u2019annonce, mon oncologue me dit qu\u2019il existe un traitement. Soyons honn\u00eate, ce n\u2019est pas facile, mais il faut d\u00e9gager un peu d\u2019espoir et ces th\u00e9rapies cibl\u00e9es nous aident beaucoup\u00a0\u00bb.<\/p>\n<p>La Haut-Savoyarde, toujours sous traitement, s\u2019appuie sur un entourage solide et, surtout, un d\u00e9sir de vivre plus fort que tout. <\/p>\n<p>\u00ab\u00a0J\u2019ai accept\u00e9 le fait de vivre avec mon cancer. En revanche, je n\u2019accepte pas de ne pas vivre. C\u2019est hors de question. Je veux bouger, danser, avancer.\u00a0 Je suis tr\u00e8s entour\u00e9e. C\u2019est un message \u00e0 faire passer\u00a0: n\u2019\u00e9cartez pas les gens. Il y a parfois une forme de honte, ce n\u2019est pas facile de dire qu\u2019on a un cancer du poumon. Ce qui est difficile, c\u2019est ce que les personnes vous renvoient quand vous leur annoncez, parce qu\u2019on absorbe leurs \u00e9motions. Soit on occulte, soit on avance\u00a0\u00bb.<\/p>\n<p>        Cancer du poumon : \u201csi on me l\u2019avait diagnostiqu\u00e9 plus t\u00f4t\u2026\u201d    <\/p>\n<p>Magali, elle, a donc choisi d\u2019avancer. Et de montrer \u00e0 tous les bienfaits du refus de la fatalit\u00e9. Elle s\u2019est engag\u00e9e dans une association et participe, en tant que patiente ambassadrice, \u00e0 la campagne Femmes et cancer du poumon port\u00e9e par AstraZeneca pour <a href=\"https:\/\/ma-sante.news\/cancer-poumon-generaliser-depistage-france\/\" target=\"_blank\" rel=\"noopener\">promouvoir un diagnostic pr\u00e9coce<\/a>. <\/p>\n<p>\u00ab\u00a0Le cancer du poumon est tr\u00e8s vicieux. (Le mien, NDLR), on ne le voyait pas, je continuais \u00e0 faire exactement ce que je faisais, je n\u2019\u00e9tais pas essouffl\u00e9e. Mais si on me l\u2019avait diagnostiqu\u00e9 plus t\u00f4t, il n\u2019aurait peut-\u00eatre pas \u00e9t\u00e9 en stade 4\u00a0\u00bb.<\/p>\n<p>Autre message qu\u2019elle souhaite colporter, celui d\u2019un cancer qui, donc, ne frappe pas que les fumeurs\u00a0: \u00ab\u00a0on est \u00e0 l\u2019abri de rien. Pour avoir un cancer du poumon, il suffit d\u2019avoir des poumons, et on en a tous. N\u2019ayez pas peur d\u2019aller voir un professionnel de sant\u00e9. Au mieux, il n\u2019y a rien, au pire, on fait quelque chose\u00a0\u00bb.<\/p>\n<blockquote class=\"wp-block-quote is-layout-flow wp-block-quote-is-layout-flow\">\n<p><strong>\u00c0 SAVOIR<\/strong><\/p>\n<p>Le cancer du poumon \u00e0 mutation ROS1 est une forme rare de cancer bronchique non \u00e0 petites cellules (CBNPC) caract\u00e9ris\u00e9e par une anomalie g\u00e9n\u00e9tique touchant le g\u00e8ne ROS1, pr\u00e9sent chez environ 1 \u00e0 2 % des patients atteints. Cette mutation entra\u00eene une activation anormale de la prot\u00e9ine ROS1, favorisant la croissance incontr\u00f4l\u00e9e des cellules canc\u00e9reuses. Elle concerne souvent des patients plus jeunes, non-fumeurs ou peu fumeurs. Des traitements cibl\u00e9s, comme les inhibiteurs de tyrosine kinase (TKI), existent pour bloquer cette mutation et am\u00e9liorer la survie.<\/p>\n<\/blockquote>\n<p>  <a class=\"gofollow\" data-track=\"MTIsMCwxLDYw\" href=\"https:\/\/ma-sante.news\/annonceurs\/\" target=\"_blank\" rel=\"noopener\"><img loading=\"lazy\" decoding=\"async\" width=\"2560\" height=\"2133\" src=\"data:image\/svg+xml,%3Csvg%20xmlns=\" http:=\"\" data-lazy-src=\"https:\/\/www.europesays.com\/fr\/wp-content\/uploads\/2025\/03\/pub-annonceurs-4-scaled.jpg\"\/><\/a>    <img loading=\"lazy\" decoding=\"async\" width=\"755\" height=\"495\" src=\"data:image\/svg+xml,%3Csvg%20xmlns=\" http:=\"\" data-lazy-src=\"https:\/\/www.europesays.com\/fr\/wp-content\/uploads\/2025\/03\/Image1.jpg\"\/>Inscrivez-vous \u00e0 notre newsletter <br \/>Ma Sant\u00e9                      <\/p>\n","protected":false},"excerpt":{"rendered":"Dynamique et sportive, cette m\u00e8re de trois enfants n&rsquo;imaginait pas une seconde pouvoir d\u00e9velopper un cancer du poumon.&hellip;\n","protected":false},"author":2,"featured_media":91444,"comment_status":"","ping_status":"","sticky":false,"template":"","format":"standard","meta":{"footnotes":""},"categories":[10],"tags":[8203,20249,1011,27,72,71],"class_list":{"0":"post-91443","1":"post","2":"type-post","3":"status-publish","4":"format-standard","5":"has-post-thumbnail","7":"category-sante","8":"tag-cancer-du-poumon","9":"tag-du00e9pistage-cancer","10":"tag-fr","11":"tag-france","12":"tag-health","13":"tag-sante"},"share_on_mastodon":{"url":"https:\/\/pubeurope.com\/@fr\/114488424855383390","error":""},"_links":{"self":[{"href":"https:\/\/www.europesays.com\/fr\/wp-json\/wp\/v2\/posts\/91443","targetHints":{"allow":["GET"]}}],"collection":[{"href":"https:\/\/www.europesays.com\/fr\/wp-json\/wp\/v2\/posts"}],"about":[{"href":"https:\/\/www.europesays.com\/fr\/wp-json\/wp\/v2\/types\/post"}],"author":[{"embeddable":true,"href":"https:\/\/www.europesays.com\/fr\/wp-json\/wp\/v2\/users\/2"}],"replies":[{"embeddable":true,"href":"https:\/\/www.europesays.com\/fr\/wp-json\/wp\/v2\/comments?post=91443"}],"version-history":[{"count":0,"href":"https:\/\/www.europesays.com\/fr\/wp-json\/wp\/v2\/posts\/91443\/revisions"}],"wp:featuredmedia":[{"embeddable":true,"href":"https:\/\/www.europesays.com\/fr\/wp-json\/wp\/v2\/media\/91444"}],"wp:attachment":[{"href":"https:\/\/www.europesays.com\/fr\/wp-json\/wp\/v2\/media?parent=91443"}],"wp:term":[{"taxonomy":"category","embeddable":true,"href":"https:\/\/www.europesays.com\/fr\/wp-json\/wp\/v2\/categories?post=91443"},{"taxonomy":"post_tag","embeddable":true,"href":"https:\/\/www.europesays.com\/fr\/wp-json\/wp\/v2\/tags?post=91443"}],"curies":[{"name":"wp","href":"https:\/\/api.w.org\/{rel}","templated":true}]}}