{"id":91447,"date":"2025-05-11T09:12:10","date_gmt":"2025-05-11T09:12:10","guid":{"rendered":"https:\/\/www.europesays.com\/fr\/91447\/"},"modified":"2025-05-11T09:12:10","modified_gmt":"2025-05-11T09:12:10","slug":"cannes-j-2-laure-calamy-les-fesses-a-lair-sa-premiere-montee-des-marches-tres-osee-photos","status":"publish","type":"post","link":"https:\/\/www.europesays.com\/fr\/91447\/","title":{"rendered":"CANNES J-2 : Laure Calamy les fesses \u00e0 l&rsquo;air : sa premi\u00e8re mont\u00e9e des marches tr\u00e8s os\u00e9e (Photos)"},"content":{"rendered":"<p class=\"\" data-start=\"335\" data-end=\"766\">Quand le <a href=\"https:\/\/www.closermag.fr\/tag\/festival-de-cannes\" target=\"_blank\" rel=\"noopener\">Festival de<br \/>\nCannes<\/a> rencontre le Moulin-Rouge, \u00e7a d\u00e9coiffe ! En 2016,<br \/>\n<a href=\"https:\/\/www.closermag.fr\/people\/laure-calamy-qui-est-son-discret-compagnon-3538608\" target=\"_blank\" rel=\"noopener\"><br \/>\nLaure Calamy<\/a> a fait une mont\u00e9e des marches qui aura marqu\u00e9 \u00e0<br \/>\njamais l\u2019histoire de la grand-messe du cin\u00e9ma. Alors abonn\u00e9e aux<br \/>\nseconds r\u00f4les, celle qui s\u2019est fait conna\u00eetre dans <a href=\"https:\/\/www.telestar.fr\/serie-tv\/dix-pour-cent\" target=\"_blank\" rel=\"noopener\">Dix pour cent<\/a> venait d\u00e9fendre le film<br \/>\nRester vertical d\u2019Alain<br \/>\nGuiraudie. Et avec l\u2019\u00e9quipe du long-m\u00e9trage, elle ne s\u2019est pas fait<br \/>\nprier pour honorer la culture fran\u00e7aise&#8230;<\/p>\n<p class=\"\" data-start=\"768\" data-end=\"1131\">Sur les marches du<br \/>\nPalais des Festivals, Laure Calamy n\u2019a pas h\u00e9sit\u00e9 \u00e0 se lancer dans<br \/>\n<strong>un french cancan endiabl\u00e9<\/strong> ! Sauf qu\u2019elle a montr\u00e9<br \/>\nses qualit\u00e9s de danseuse\u2026 en m\u00eame temps que ses sous-v\u00eatements.<br \/>\nV\u00eatue d\u2019une sublime robe argent\u00e9e fendue jusqu\u2019aux cuisses, elle a<br \/>\n\u00e9t\u00e9 oblig\u00e9e de la remonter un peu pour lever la jambe et d\u00e9voiler<br \/>\nsa souplesse impressionnante !<\/p>\n<p>Laure Calamy d\u00e9voile ses<br \/>\nsous-v\u00eatements !<\/p>\n<p class=\"\" data-start=\"1133\" data-end=\"1472\">Pourtant juch\u00e9e sur<br \/>\ndes talons r\u00e9tro \u00e9pais, Laure Calamy a \u00e9clips\u00e9 ses homologues avec<br \/>\nsa souplesse. Tellement souple, qu\u2019elle a offert <strong>une vue<br \/>\nimprenable sur ses sous-v\u00eatements<\/strong> aux nombreux<br \/>\nphotographes pr\u00e9sents sur le tapis rouge. Tout comme Amal Clooney<br \/>\nquelques heures seulement avant elle. Un moment que l\u2019actrice<br \/>\nn\u2019oubliera jamais&#8230;<\/p>\n<p class=\"\" data-start=\"1474\" data-end=\"1905\">\u00ab\u00a0J\u2019ai appris \u00e0 ne<br \/>\nplus faire de french cancan comme j\u2019avais fait ce soir-l\u00e0. J\u2019avais<br \/>\neu des paparazzis en bas, on ne me connaissait pas encore \u00e0<br \/>\nl\u2019\u00e9poque et ma pote L\u00e9na m\u2019avait dit \u2018Laure, il y a des trucs qu\u2019on<br \/>\nvoit\u2019&#8230; J\u2019avais <a href=\"https:\/\/www.closermag.fr\/people\/festival-de-cannes-2016-une-actrice-montre-volontairement-sa-culotte-615316#item=1\" target=\"_blank\" rel=\"noopener\"><br \/>\nun string<\/a> et du coup il y a une photo\u2026 (\u2026) J\u2019ai appris \u00e0 faire<br \/>\nattention \u00e0 \u00e7a par exemple\u2026 C\u2019est pas possible ! Bon, c\u2019est \u00e0 ne<br \/>\npas refaire donc\u00a0\u00bb, plaisantait Laure Calamy sur le plateau de<br \/>\nC \u00e0 vous.<\/p>\n<p>Elle<br \/>\nn&rsquo;a aucun souci avec la nudit\u00e9<\/p>\n<p class=\"\" data-start=\"1907\" data-end=\"2312\">Si elle s\u2019est lanc\u00e9e<br \/>\ndans une telle danse, c\u2019est aussi parce qu\u2019elle n\u2019avait jamais v\u00e9cu<br \/>\nde vraie mont\u00e9e des marches. Et qu\u2019\u00e0 Cannes, pour son premier<br \/>\nFestival, <strong>Laure Calamy a \u00e9t\u00e9 totalement chamboul\u00e9e<\/strong><br \/>\npar l\u2019ambiance. \u00ab\u00a0C\u2019est hyst\u00e9risant ! C\u2019est n\u2019importe quoi. Ils<br \/>\ncriaient \u2018Laaaaure, Laaaaure !\u2019\u00a0\u00bb, se souvenait-elle avec<br \/>\nbeaucoup d\u2019humour. Mais malgr\u00e9 les photos de sa culotte, l\u2019actrice<br \/>\nn\u2019a pas de g\u00eane.<\/p>\n<p class=\"\" data-start=\"2314\" data-end=\"2741\">Car Laure Calamy a un<br \/>\nrapport bien pr\u00e9cis \u00e0 son corps et \u00e0 son anatomie. \u00ab\u00a0J\u2019ai un<br \/>\nrapport d\u00e9tendu \u00e0 la nudit\u00e9 et au corps. Quoi qu\u2019il en soit, la<br \/>\nplupart du temps, je trouve les corps humains beaux et inspirants.<br \/>\nIls d\u00e9gagent souvent une force merveilleuse, r\u00e9sumait-elle.<br \/>\nAu th\u00e9\u00e2tre et au cin\u00e9ma, je n\u2019ai aucun probl\u00e8me \u00e0 me montrer<br \/>\nnue, car je pense qu\u2019on peut exprimer autant de choses avec son<br \/>\ncorps qu\u2019avec ses pens\u00e9es.\u00a0\u00bb<\/p>\n<p>Diaporama<br \/>\n<img decoding=\"async\" class=\"diapo_img img-responsive lazy-load\" loading=\"lazy\" src=\"https:\/\/www.europesays.com\/fr\/wp-content\/uploads\/2025\/05\/bestimage_00297430_000031-593x410.jpg\"\/><\/p>\n<p>Dominique Jacovides- Cyril<br \/>\nMoreau\/Bestimage<\/p>\n<p>1\/4 Mont\u00e9e des marches du film \u00ab\u00a0Rester<br \/>\nVertical\u00a0\u00bb lors du 69\u00e8me Festival International du Film de<br \/>\nCannes<\/p>\n<p>Laure Calamy a d\u00e9couvert le Festival de Cannes en 2016, gr\u00e2ce au<br \/>\nfilm Rester vertical<\/p>\n<p><img decoding=\"async\" class=\"diapo_img img-responsive lazy-load\" loading=\"lazy\" src=\"https:\/\/www.europesays.com\/fr\/wp-content\/uploads\/2025\/05\/bestimage_00297430_000032-593x410.jpg\"\/><\/p>\n<p>Dominique Jacovides- Cyril<br \/>\nMoreau\/Bestimage<\/p>\n<p>2\/4 Laure Calamy a enflamm\u00e9 le festival<\/p>\n<p>Laure Calamy s&rsquo;est lanc\u00e9e dans un french cancan endiabl\u00e9 sur les<br \/>\nmarches du palais des Festivals<\/p>\n<p><img decoding=\"async\" class=\"diapo_img img-responsive lazy-load\" loading=\"lazy\" src=\"https:\/\/www.europesays.com\/fr\/wp-content\/uploads\/2025\/05\/bestimage_00297430_000033-593x410.jpg\"\/><\/p>\n<p>Dominique Jacovides- Cyril<br \/>\nMoreau\/Bestimage<\/p>\n<p>3\/4 Laure Calamy n&rsquo;a presque rien cach\u00e9 de<br \/>\nson anatomie<\/p>\n<p>Laure Calamy a d\u00e9voil\u00e9 ses sous-v\u00eatements \u00e0 tous les<br \/>\nphotographes pr\u00e9sents<\/p>\n<p><img decoding=\"async\" class=\"diapo_img img-responsive lazy-load\" loading=\"lazy\" src=\"https:\/\/www.europesays.com\/fr\/wp-content\/uploads\/2025\/05\/bestimage_00297436_000010-629x410.jpg\"\/><\/p>\n<p>Dominique Jacovides- Cyril<br \/>\nMoreau\/Bestimage<\/p>\n<p>4\/4 Laure Calamy est tr\u00e8s \u00e0 l&rsquo;aise avec la<br \/>\nnudit\u00e9<\/p>\n<p>Laure Calamy portait une magnifique robe argent\u00e9e&#8230; mais une<br \/>\ntenue un peu dangereuse !<\/p>\n","protected":false},"excerpt":{"rendered":"Quand le Festival de Cannes rencontre le Moulin-Rouge, \u00e7a d\u00e9coiffe ! En 2016, Laure Calamy a fait une&hellip;\n","protected":false},"author":2,"featured_media":91448,"comment_status":"","ping_status":"","sticky":false,"template":"","format":"standard","meta":{"footnotes":""},"categories":[8],"tags":[58,59,5634,1011,27,1638,15457],"class_list":{"0":"post-91447","1":"post","2":"type-post","3":"status-publish","4":"format-standard","5":"has-post-thumbnail","7":"category-divertissement","8":"tag-divertissement","9":"tag-entertainment","10":"tag-festival-de-cannes","11":"tag-fr","12":"tag-france","13":"tag-has_diapo","14":"tag-sexy"},"share_on_mastodon":{"url":"https:\/\/pubeurope.com\/@fr\/114488432816051562","error":""},"_links":{"self":[{"href":"https:\/\/www.europesays.com\/fr\/wp-json\/wp\/v2\/posts\/91447","targetHints":{"allow":["GET"]}}],"collection":[{"href":"https:\/\/www.europesays.com\/fr\/wp-json\/wp\/v2\/posts"}],"about":[{"href":"https:\/\/www.europesays.com\/fr\/wp-json\/wp\/v2\/types\/post"}],"author":[{"embeddable":true,"href":"https:\/\/www.europesays.com\/fr\/wp-json\/wp\/v2\/users\/2"}],"replies":[{"embeddable":true,"href":"https:\/\/www.europesays.com\/fr\/wp-json\/wp\/v2\/comments?post=91447"}],"version-history":[{"count":0,"href":"https:\/\/www.europesays.com\/fr\/wp-json\/wp\/v2\/posts\/91447\/revisions"}],"wp:featuredmedia":[{"embeddable":true,"href":"https:\/\/www.europesays.com\/fr\/wp-json\/wp\/v2\/media\/91448"}],"wp:attachment":[{"href":"https:\/\/www.europesays.com\/fr\/wp-json\/wp\/v2\/media?parent=91447"}],"wp:term":[{"taxonomy":"category","embeddable":true,"href":"https:\/\/www.europesays.com\/fr\/wp-json\/wp\/v2\/categories?post=91447"},{"taxonomy":"post_tag","embeddable":true,"href":"https:\/\/www.europesays.com\/fr\/wp-json\/wp\/v2\/tags?post=91447"}],"curies":[{"name":"wp","href":"https:\/\/api.w.org\/{rel}","templated":true}]}}