{"id":91451,"date":"2025-05-11T09:14:08","date_gmt":"2025-05-11T09:14:08","guid":{"rendered":"https:\/\/www.europesays.com\/fr\/91451\/"},"modified":"2025-05-11T09:14:08","modified_gmt":"2025-05-11T09:14:08","slug":"ces-francais-qui-ont-dit-non-a-la-box-internet","status":"publish","type":"post","link":"https:\/\/www.europesays.com\/fr\/91451\/","title":{"rendered":"ces Fran\u00e7ais qui ont dit non \u00e0 la box internet"},"content":{"rendered":"<p>Faites-vous partie des<a href=\"https:\/\/www.01net.com\/actualites\/barometre-du-numerique-2025-un-jeune-sur-cinq-passe-plus-de-cinq-heures-par-jour-sur-les-ecrans.html\" target=\"_blank\" rel=\"noopener\"> 9\u00a0% des Fran\u00e7ais, qui se passent d\u2019abonnement \u00e0 une box internet<\/a>, et qui utilisent exclusivement leurs forfaits mobiles pour se rendre sur le Web\u00a0? C\u2019est le cas de Sarah, J\u00e9r\u00f4me, Gabriel, et Rosine*. Depuis plusieurs mois, ces derniers utilisent exclusivement le partage de connexion pour consulter leurs r\u00e9seaux sociaux, leurs emails, ou encore pour regarder des s\u00e9ries ou des films.<\/p>\n<p>Ont-ils fait ce choix pour des raisons purement \u00e9conomiques\u00a0? S\u2019agit-il d\u2019une d\u00e9cision temporaire ou, au contraire, faite pour durer\u00a0? Sarah, qui vit en colocation dans le centre-ville de Grenoble, raconte ainsi avoir eu, pendant longtemps, une Freebox. Mais dans les ann\u00e9es 2020, la quadrag\u00e9naire d\u00e9cide de se reconvertir, en passant par plusieurs ann\u00e9es de formation. Pendant cette transition, \u00ab\u00a0j\u2019ai \u00e9limin\u00e9 toutes les factures inutiles\u00a0\u00bb, dont celles de la box internet, nous confie-t-elle.<\/p>\n<p> \u00ab\u00a0J\u2019ai voulu tester le partage de connexion avant d\u2019arr\u00eater mon abonnement internet\u00a0\u00bb <\/p>\n<p>\u00ab J\u2019ai d\u00e9couvert \u00e0 l\u2019\u00e9tranger que le partage de connexion fonctionnait tr\u00e8s bien. Quand j\u2019ai repris une vie de salari\u00e9 l\u2019ann\u00e9e derni\u00e8re, je me suis demand\u00e9 si j\u2019allais reprendre une box. Mais m\u00eame en regardant Netflix tous les soirs, en \u00e9tant souvent sur Deezer et en utilisant internet de temps en temps, je n\u2019ai jamais d\u00e9pass\u00e9 mon forfait mobile \u201cillimit\u00e9\u201d\u00a0\u00bb, nous pr\u00e9cise-t-elle. La Grenobloise dispose de 350 Go (chez Free). Elle ne pense pas rebasculer en box internet pour le moment.<\/p>\n<p>Chez J\u00e9r\u00f4me, 29 ans, qui vit, lui, dans un village de l\u2019Aveyron, \u00e0 une trentaine de minutes de Rodez, la d\u00e9cision d\u2019arr\u00eater la box internet a \u00e9t\u00e9 pr\u00e9c\u00e9d\u00e9e d\u2019une p\u00e9riode de tests. \u00ab\u00a0J\u2019avais entendu parler du partage de connexion, et j\u2019ai voulu le tester avant d\u2019arr\u00eater mon abonnement internet\u00a0\u00bb, explique-t-il.<\/p>\n<p>Pendant deux mois, le presque trentenaire, autoentrepreneur, garde sa box internet (Red by SFR), mais utilise exclusivement le partage de connexion. Ce dernier t\u00e9l\u00e9travaille chez lui \u2013 il donne des formations et fait de nombreuses visios \u2013 et passe plusieurs soir\u00e9es par semaine sur \u00ab Netflix et Amazon Prime\u00a0\u00bb, voire sur l\u2019application TV de SFR. La p\u00e9riode de tests comporte aussi deux semaines de vacances, pendant lesquelles le partage de connexion est utilis\u00e9 plusieurs heures par jour, nous d\u00e9taille-t-il. Mais \u00e0 la fin, surprise\u00a0: non seulement tout a toujours bien fonctionn\u00e9. Mais il n\u2019a pas utilis\u00e9 tout son quota de gigas (250 Go).<\/p>\n<p> \u00ab\u00a0C\u2019est un peu comme si j\u2019\u00e9tais couvert par deux assurances pour la m\u00eame chose\u00a0\u00bb <\/p>\n<p>Pour ce dernier, qui estime avoir un salaire correct, cette d\u00e9cision a surtout \u00e9t\u00e9 prise dans un sens \u00ab\u00a0d\u2019optimisation des finances personnelles\u00a0\u00bb. \u00ab\u00a0Parfois, on paye pour des choses dont on n\u2019a vraiment pas besoin. C\u2019est un peu comme si j\u2019\u00e9tais couvert par deux assurances pour la m\u00eame chose. Et l\u00e0, pourquoi je paierais un abonnement internet alors que le partage de connexion fonctionne bien\u00a0? J\u2019avais deux forfaits (box et mobile, NDLR) qui couvraient le m\u00eame service (acc\u00e8s \u00e0 internet, NDLR), donc autant en supprimer un\u00a0\u00bb. R\u00e9sultat, \u00ab ce sont 22 euros en moins \u00e0 payer par mois\u00a0\u00bb, d\u00e9taille-t-il \u2013 soit pr\u00e8s de 264 euros sur 12 mois, le prix annuel de son abonnement internet.<\/p>\n<p>Il faut dire que d\u2019un c\u00f4t\u00e9, la couverture r\u00e9seau s\u2019est am\u00e9lior\u00e9e sur tout le territoire, y compris loin des grandes villes. De l\u2019autre, les forfaits mobiles, avec des centaines de Gigas, sont devenus plus qu\u2019accessibles, avec des offres \u00e0 moins de 20 euros, voire 10 euros par mois, pour 100, 200, 300 gigas \u2013 soit bien moins que le prix d\u2019une box internet, qui peut aller d\u2019une vingtaine d\u2019euros \u00e0 une cinquantaine, voire plus avec options. Le march\u00e9 fran\u00e7ais est devenu \u00ab\u00a0ultra concurrentiel, avec des offres tr\u00e8s g\u00e9n\u00e9reuses \u00e0 des prix tr\u00e8s bas\u00a0\u00bb, confirme SFR, que nous avons contact\u00e9.<\/p>\n<p>Le temps o\u00f9 le partage de connexion ne fonctionnait pas toujours, en raison du smartphone, de la couverture r\u00e9seau, ou des limites du forfait, est bien r\u00e9volu. Ajoutez \u00e0 cela que la box internet, qui se couplait auparavant avec un serveur TV, n\u2019est plus le seul moyen d\u2019acc\u00e9der aux <a href=\"https:\/\/www.01net.com\/actualites\/fin-chaines-tv-regardez-moins-television-confirme.html\" target=\"_blank\" rel=\"noopener\">cha\u00eenes TV<\/a> ou aux plateformes de vid\u00e9o \u00e0 la demande. L\u2019offre d\u2019IPTV l\u00e9gale s\u2019est aussi d\u00e9velopp\u00e9e, accessible directement via une app, une plateforme ou un site Web, en dehors du champ de la box internet historique.<\/p>\n<blockquote>\n<p><strong>\u00c0 lire aussi\u00a0:<a href=\"https:\/\/www.01net.com\/actualites\/iptv-que-risque-t-on-reellement-si-on-utilise-un-service-illegal.html\" target=\"_blank\" rel=\"noopener\"> IPTV\u00a0: que risque-t-on r\u00e9ellement si on utilise un service ill\u00e9gal\u00a0?<\/a><\/strong><\/p>\n<\/blockquote>\n<p>Pour Gabriel, 28 ans, l\u2019arr\u00eat de l\u2019abonnement internet fixe a \u00e9t\u00e9 fait dans un contexte de d\u00e9m\u00e9nagement. Le commercial, qui fait construire une maison dans laquelle il emm\u00e9nagera bient\u00f4t, est pass\u00e9 exclusivement en mode partage de connexion depuis qu\u2019il a quitt\u00e9 son dernier logement, un choix initialement temporaire qui pourrait finalement durer.<\/p>\n<p>Depuis qu\u2019il n\u2019a plus de box internet, celui qui habite \u00e0 Rodez (Aveyron) est pass\u00e9 en forfait mobile de 100 Go \u00e0 200 Go, chez Orange \u2013 un chiffre qu\u2019il n\u2019a jamais atteint, bien qu\u2019il regarde souvent des s\u00e9ries sur les plateformes (Netflix, Amazon\u2026). Lui aussi \u00ab\u00a0trouve ridicule d\u2019aller payer des sommes astronomiques pour deux choses alors qu\u2019on peut l\u2019avoir en une. Au-del\u00e0 du c\u00f4t\u00e9 financier, je ne vais pas payer juste pour faire plaisir, je pr\u00e9f\u00e8re le mettre de c\u00f4t\u00e9 ou investir cet argent-l\u00e0, plut\u00f4t que de le mettre dans un abonnement\u00a0\u00bb, assure-t-il.<\/p>\n<p>Reprendra-t-il une box prochainement\u00a0? Ce n\u2019est pas pr\u00e9vu. \u00ab La seule interrogation que je me pose par rapport \u00e0 la box, c\u2019est que tout y est centralis\u00e9, dans la maison. Alors que pour le partage de connexion, il faut syst\u00e9matiquement le remettre via son t\u00e9l\u00e9phone, une fois arriv\u00e9 chez soi\u00a0\u00bb, estime-t-il. Il y a aussi parfois quelques bugs, qui n\u00e9cessitent de relancer une vid\u00e9o, reconnait-il. Mais ces inconv\u00e9nients ne le pousseront pas \u00e0 repayer un abonnement internet pour une box, ajoute-t-il.<\/p>\n<p>Rosine vit, elle, depuis des ann\u00e9es sans box internet. \u00ab\u00a0En fait, je ne sais m\u00eame pas \u00e0 quoi \u00e7a sert une box\u00a0\u00bb, nous confie celle qui vit avec sa cousine \u00e0 Grenoble depuis plusieurs semaines. La trentenaire, aide-soignante, utilise depuis longtemps le partage de connexion pour se rendre sur le Web\u00a0: \u00ab\u00a0C\u2019est pratique, il n\u2019y a rien \u00e0 installer, c\u2019est \u00e9conomique\u00a0\u00bb. La formule suffit amplement \u00e0 l\u2019adepte de s\u00e9ries et de films regard\u00e9s en replay sur les plateformes \u2013 elle dispose d\u2019un forfait de 100 Go chez Orange. Seul b\u00e9mol\u00a0: \u00ab\u00a0quand je suis en vacances en Bretagne, chez mes parents\u00a0: les murs de leur maison font office de bunkers dans certaines pi\u00e8ces, et il m\u2019est impossible de capter quoi que ce soit\u00a0\u00bb.\u00a0<\/p>\n<p>\u00c0 noter qu\u2019aucune des personnes interrog\u00e9es ne joue en ligne. Toutes ont un t\u00e9l\u00e9phone assez r\u00e9cent qui a pu remplir son r\u00f4le de modem internet sans difficult\u00e9 \u2013 aucune surchauffe ou surconsommation de la batterie n\u2019a \u00e9t\u00e9 constat\u00e9e. Toutes vivaient aussi dans des lieux qui \u00e9taient bien couverts par les op\u00e9rateurs, une information que l\u2019on peut consulter sur le<a href=\"https:\/\/monreseaumobile.arcep.fr\/\" target=\"_blank\" rel=\"false noopener\"> site de l\u2019Arcep<\/a>. Toutes passaient enfin par des applications, des plateformes ou des sites Web pour regarder des vid\u00e9os \u00e0 la demande ou des cha\u00eenes TV.<\/p>\n<blockquote>\n<p><strong>\u00c0 lire aussi\u00a0: <a href=\"https:\/\/www.01net.com\/actualites\/tres-haut-debit-pour-tous-pourquoi-les-derniers-raccordements-a-la-fibre-sont-si-difficiles.html\" target=\"_blank\" rel=\"noopener\">Tr\u00e8s haut d\u00e9bit pour tous\u00a0: pourquoi les derniers raccordements \u00e0 la fibre sont si difficiles<\/a><\/strong><\/p>\n<\/blockquote>\n<p> Une tendance limit\u00e9e aux jeunes ou foyers solo\u00a0? <\/p>\n<p>Ces quelques t\u00e9moignages d\u00e9montrent-ils une tendance de fond\u00a0? Chez Orange, on confirme qu\u2019il y a bien un \u00ab\u00a0abandon de l\u2019acc\u00e8s broadband (internet haut d\u00e9bit) fixe au profit d\u2019un usage via le mobile uniquement\u00a0\u00bb. Mais \u00ab\u00a0cette tendance est principalement port\u00e9e par des populations jeunes, en foyer solo, avec des forfaits g\u00e9n\u00e9reux en data\u00a0\u00bb. Pour l\u2019op\u00e9rateur historique, le fait de se passer de box internet correspond \u00ab\u00a0davantage (\u00e0) un moment de vie\u00a0: d\u00e8s lors que l\u2019on se met en couple (foyer duo), le taux d\u2019\u00e9quipement broadband revient \u00e0 la normale\u00a0\u00bb.<\/p>\n<p>Chez SFR, on constate qu\u2019il \u00ab\u00a0y a (bien) de la demande pour ce type d\u2019enveloppes data\u00a0\u00bb \u2013 des forfaits mobiles avec des 100, 200, voire 300 Gigas. La soci\u00e9t\u00e9 au carr\u00e9 rouge note \u00ab\u00a0une l\u00e9g\u00e8re \u00e9volution des habitudes de consommation entre 2022 et 2024, vers une pr\u00e9f\u00e9rence pour le tout mobile, qu\u2019il conviendra de confirmer dans le temps\u00a0\u00bb. Pr\u00e8s de 93\u00a0% des clients SFR sont toujours \u00e9quip\u00e9s d\u2019une box, mais ce chiffre a d\u00e9cru de presque 2 points, ajoute l\u2019op\u00e9rateur t\u00e9l\u00e9com. Cette baisse est \u00ab\u00a0plus prononc\u00e9e chez les 18-34 ans chez qui l\u2019on observe \u00e9galement une part d\u2019\u00e9quipement tout mobile plus importante\u00a0\u00bb. Contact\u00e9, Bouygues Telecom n\u2019a pas souhait\u00e9 r\u00e9pondre \u00e0 nos questions. Free n\u2019avait pas r\u00e9pondu \u00e0 notre demande de commentaires, \u00e0 l\u2019heure de la publication de cet article.<\/p>\n<p>L\u2019abandon progressif de la box internet se retrouve aussi dans l\u2019\u00e9tude annuelle de l\u2019Arcep, qui fait l\u2019\u00e9tat des lieux de nos usages li\u00e9s \u00e0 Internet. Le gendarme des t\u00e9l\u00e9coms observait, en mars dernier, que le partage de connexion (exclusif) concerne d\u00e9sormais pr\u00e8s d\u2019un Fran\u00e7ais sur dix. Et la tendance est \u00ab\u00a0<strong>plus importante chez les plus jeunes,<\/strong> puisque cela concerne 19\u00a0% des 18-24 ans (+2 points par rapport \u00e0 2023, et +9 points par rapport \u00e0 2020) et 15\u00a0% des 25-39 ans (+7 points par rapport \u00e0 2020)\u00a0\u00bb, pouvait-on lire dans le barom\u00e8tre du Num\u00e9rique 2025. Reste que cette \u00e9tude annuelle interrogeait les Fran\u00e7ais en juillet et ao\u00fbt 2024. Depuis, neuf mois se sont \u00e9coul\u00e9s. Et la tendance constat\u00e9e pourrait s\u2019\u00eatre acc\u00e9l\u00e9r\u00e9e.<\/p>\n<blockquote>\n<p><strong>\u00c0 lire aussi\u00a0: <a href=\"https:\/\/www.01net.com\/actualites\/barometre-du-numerique-2025-un-jeune-sur-cinq-passe-plus-de-cinq-heures-par-jour-sur-les-ecrans.html\" target=\"_blank\" rel=\"noopener\">Barom\u00e8tre du Num\u00e9rique 2025, un jeune sur cinq passe plus de cinq heures par jour sur les \u00e9crans<\/a><\/strong><\/p>\n<\/blockquote>\n<p>*Note de la r\u00e9daction\u00a0: les pr\u00e9noms ont \u00e9t\u00e9 modifi\u00e9s \u00e0 la demande des personnes interrog\u00e9es.\u00a0<\/p>\n<blockquote>\n<p class=\"text-base text-neutral-700 dark:text-neutral-300\">\ud83d\udd34 Pour ne manquer aucune actualit\u00e9 de 01net, suivez-nous sur <a href=\"https:\/\/news.google.com\/publications\/CAAqBwgKMJPsvAswoIfUAw?hl=fr&amp;gl=FR&amp;ceid=FR%3Afr\" target=\"_blank\" rel=\"noopener\">Google Actualit\u00e9s<\/a> et <a href=\"https:\/\/whatsapp.com\/channel\/0029VaH5gKg6xCSG9nQQhQ1Z\" target=\"_blank\" rel=\"noopener\">WhatsApp<\/a>.<\/p>\n<\/blockquote>\n","protected":false},"excerpt":{"rendered":"Faites-vous partie des 9\u00a0% des Fran\u00e7ais, qui se passent d\u2019abonnement \u00e0 une box internet, et qui utilisent exclusivement&hellip;\n","protected":false},"author":2,"featured_media":91452,"comment_status":"","ping_status":"","sticky":false,"template":"","format":"standard","meta":{"footnotes":""},"categories":[6],"tags":[20250,532,20251,35,33,34,1011,27,310,20252,20253],"class_list":{"0":"post-91451","1":"post","2":"type-post","3":"status-publish","4":"format-standard","5":"has-post-thumbnail","7":"category-economie","8":"tag-4g","9":"tag-5g","10":"tag-box","11":"tag-business","12":"tag-economie","13":"tag-economy","14":"tag-fr","15":"tag-france","16":"tag-internet","17":"tag-operateurs","18":"tag-telecom"},"share_on_mastodon":{"url":"https:\/\/pubeurope.com\/@fr\/114488440511021414","error":""},"_links":{"self":[{"href":"https:\/\/www.europesays.com\/fr\/wp-json\/wp\/v2\/posts\/91451","targetHints":{"allow":["GET"]}}],"collection":[{"href":"https:\/\/www.europesays.com\/fr\/wp-json\/wp\/v2\/posts"}],"about":[{"href":"https:\/\/www.europesays.com\/fr\/wp-json\/wp\/v2\/types\/post"}],"author":[{"embeddable":true,"href":"https:\/\/www.europesays.com\/fr\/wp-json\/wp\/v2\/users\/2"}],"replies":[{"embeddable":true,"href":"https:\/\/www.europesays.com\/fr\/wp-json\/wp\/v2\/comments?post=91451"}],"version-history":[{"count":0,"href":"https:\/\/www.europesays.com\/fr\/wp-json\/wp\/v2\/posts\/91451\/revisions"}],"wp:featuredmedia":[{"embeddable":true,"href":"https:\/\/www.europesays.com\/fr\/wp-json\/wp\/v2\/media\/91452"}],"wp:attachment":[{"href":"https:\/\/www.europesays.com\/fr\/wp-json\/wp\/v2\/media?parent=91451"}],"wp:term":[{"taxonomy":"category","embeddable":true,"href":"https:\/\/www.europesays.com\/fr\/wp-json\/wp\/v2\/categories?post=91451"},{"taxonomy":"post_tag","embeddable":true,"href":"https:\/\/www.europesays.com\/fr\/wp-json\/wp\/v2\/tags?post=91451"}],"curies":[{"name":"wp","href":"https:\/\/api.w.org\/{rel}","templated":true}]}}