{"id":91453,"date":"2025-05-11T09:15:08","date_gmt":"2025-05-11T09:15:08","guid":{"rendered":"https:\/\/www.europesays.com\/fr\/91453\/"},"modified":"2025-05-11T09:15:08","modified_gmt":"2025-05-11T09:15:08","slug":"guerre-en-ukraine-zelensky-pret-a-des-pourparlers-estime-que-moscou-a-commence-a-envisager-la-fin-de-la-guerre-le-figaro","status":"publish","type":"post","link":"https:\/\/www.europesays.com\/fr\/91453\/","title":{"rendered":"Guerre en Ukraine : Zelensky pr\u00eat \u00e0 des pourparlers, estime que Moscou a \u00abcommenc\u00e9 \u00e0 envisager\u00bb la fin de la guerre &#8211; Le Figaro"},"content":{"rendered":"<ol>\n<li><a href=\"https:\/\/news.google.com\/rss\/articles\/CBMi3gFBVV95cUxONlIzYzVIQkpMRnV6TmVWSWx6eU55aWIyVlJNdGxfWWVvZ0NCbUxhbDhKMzFRLVRnWFNuOFRvUUYtQ3J4TWxDOXlzZmJMb09SMnBFZnpNSVZMelZTOUdJU2o2bW11SHY3V3ZfVVFwaEhhQUozbHJPNnZZeFgwUm4tdFdiZ25yX3hjV0ZfTVRxbElXMndXdG9OdWs2UnZCQTBRN1duSVR5WFV1bU9taC1Ea0RyZlpaYTRvc1ZHWkdrMjJlYU1NdVl3Q2tZX21FaG92VTNfQ29uMm9rcnR3U2c?oc=5\" target=\"_blank\" rel=\"nofollow noopener\">Guerre en Ukraine : Zelensky pr\u00eat \u00e0 des pourparlers, estime que Moscou a \u00abcommenc\u00e9 \u00e0 envisager\u00bb la fin de la guerre<\/a>&nbsp;&nbsp;Le Figaro<\/li>\n<li><a href=\"https:\/\/news.google.com\/rss\/articles\/CBMigAJBVV95cUxNVy1ZTHpYWFVWczBVS2hiQktDWEFRNDFYMlRYMktRZHY0MXdaQWtJaUp6ZWVfV21ia1lJeUE0TFBiajU4Q3QzMDFhMl9pZnJCTmZnZzdQelBkVXlWbzU5dHJURWhETnBiLXNMOW1QSzRvcW9PLUw4Y0dPMFF3QVg2eF83bWRTOEFNR29lSk1sdFRYWDdYRjZlZW5lUTB4UXFycG9FSmZsZXRLT0Z0THphS3VoZnBNTS1NWEJVdTROd1R1WnFJQ2ZwWk5rQ3pMOVdFMVFaS1hpb1JDbXZLMkhJWEdDWHl2NVBUUmtWZ3lYZ2JBRFh5b2xuUmpNTUJydlVV?oc=5\" target=\"_blank\" rel=\"nofollow noopener\">L\u2019Ukraine et ses alli\u00e9s r\u00e9clament \u00e0 la Russie un cessez-le-feu de trente jours, Vladimir Poutine les ignore et propose des n\u00e9gociations directes avec Kiev le 15 mai<\/a>&nbsp;&nbsp;Le Monde.fr<\/li>\n<li><a href=\"https:\/\/news.google.com\/rss\/articles\/CBMigAJBVV95cUxQNDlMeFJjNkQ4X1hSWmFWclkyZk5WYmNxRHhQejM5VVE5SUVRZkx4aUlHUHZqRlZxbHctaFV5M1dfVlYyU0J1ZU40OWsxRUV6N21LWGRSVkpKNzRiTy1pSFQ1NzBPa2I4Ukl0eGZvMlJNbF9ITklCOVo2OEdfUWRvOHc2QXVqYnpNd0pxWU83cGpGWmc5bVMwZ2VNNGRiRkd4c2FIZGhzSWU4ZmszeGpaYkdZX0xuQ01xQlNyLXBOb0k3aDBnT1V0dmtJcFR5V3ZhSlZmVGhNWWFsQkpmODJVT0k5NkN5MHloLU5vYTNGTVpDZmNqR3QwajVnWFltLUJR?oc=5\" target=\"_blank\" rel=\"nofollow noopener\">\u00ab C\u2019est un bon signe \u00bb : Zelensky r\u00e9agit \u00e0 la proposition de n\u00e9gociations et pousse pour une tr\u00eave<\/a>&nbsp;&nbsp;Ouest-France<\/li>\n<li><a href=\"https:\/\/news.google.com\/rss\/articles\/CBMi9gFBVV95cUxPMEtWQXJJaDRXRXFlNVV0ekpsYVJ4dkNxR2VQSW1HQUJCYXBOZGVMWWR3WEQxa0NnVTZFcVllU1ZPNWlScDdkZ3JJOVhwTHV2WkRNbndBc2FBTjFRRERmaUFvTE96N2d2SjB0Y3JEaEFKSUg0NDYxa2hKcjlaeE9ITGpmaElXYTc5NW9tel9FSFBNVUZmN1JFR2NsT0ozd083bGo0dWs4QVpON3Vzc05XU3dadVptamk5VzJTRHNIYjE1akV4N0NwOVhNOFNhaVY3YnF6V3dUdXgwSF8zelZ0VUZHd2g4SUNqbWxzQ2JabTNfVktsb3c?oc=5\" target=\"_blank\" rel=\"nofollow noopener\">Guerre en Ukraine : Vladimir Poutine veut n\u00e9gocier seul avec l\u2019Ukraine avant de s\u2019engager sur un cessez-le-feu<\/a>&nbsp;&nbsp;Actualit\u00e9s \u2013 Orange<\/li>\n<li><a href=\"https:\/\/news.google.com\/rss\/articles\/CBMiiAJBVV95cUxONHh2M3FncFpPVjlkU1lReDVuLVcyMGRrc1FmdGRrNTBVZXIxTjBHbzZ4YnRlVjNZQWNLbTFWNmpqVEczdVo4RzVJLXpuNzBPM0VvQnE2R3dMNWltRzlTcjVWOS1oMG94NXVZTS1XaEdZZFA2QkZyVFRlQld0U21lNV9DM0N4eTlFLW51amd5dE9VeW04aUVyZjgzTTFMN0xEd3d6V1ptRU5LaUlPcS1Db3ZmWGxKMTcyOHU3c0plb0lsNkJ0b1VqWldKOW5NNjFUakRWMnhSNzl4Tkp6TDlIOHo2NDY2RnN4aVRvRnZQQVdIbG1uOE1kd0NJMlppczJBRjhXOVdNamE?oc=5\" target=\"_blank\" rel=\"nofollow noopener\">Avec le pr\u00e9sident Emmanuel Macron dans le train pour Kiev : \u00ab La cl\u00e9, c\u2019est d\u2019avoir des troupes en Ukraine<\/a>&nbsp;&nbsp;Le Parisien<\/li>\n<\/ol>\n","protected":false},"excerpt":{"rendered":"Guerre en Ukraine : Zelensky pr\u00eat \u00e0 des pourparlers, estime que Moscou a \u00abcommenc\u00e9 \u00e0 envisager\u00bb la fin&hellip;\n","protected":false},"author":2,"featured_media":91454,"comment_status":"","ping_status":"","sticky":false,"template":"","format":"standard","meta":{"footnotes":""},"categories":[5],"tags":[259,11,260,1011,27,14,11514,261,12,262,132,220,135,134,28],"class_list":{"0":"post-91453","1":"post","2":"type-post","3":"status-publish","4":"format-standard","5":"has-post-thumbnail","7":"category-international","8":"tag-actualite-internationale","9":"tag-actualites","10":"tag-affaires-etrangeres","11":"tag-fr","12":"tag-france","13":"tag-international","14":"tag-macron","15":"tag-ministere-des-affaires-etrangeres","16":"tag-news","17":"tag-politique-etrangere","18":"tag-russie","19":"tag-ukraine","20":"tag-vladimir-poutine","21":"tag-volodymyr-zelensky","22":"tag-world"},"share_on_mastodon":{"url":"https:\/\/pubeurope.com\/@fr\/114488444369414164","error":""},"_links":{"self":[{"href":"https:\/\/www.europesays.com\/fr\/wp-json\/wp\/v2\/posts\/91453","targetHints":{"allow":["GET"]}}],"collection":[{"href":"https:\/\/www.europesays.com\/fr\/wp-json\/wp\/v2\/posts"}],"about":[{"href":"https:\/\/www.europesays.com\/fr\/wp-json\/wp\/v2\/types\/post"}],"author":[{"embeddable":true,"href":"https:\/\/www.europesays.com\/fr\/wp-json\/wp\/v2\/users\/2"}],"replies":[{"embeddable":true,"href":"https:\/\/www.europesays.com\/fr\/wp-json\/wp\/v2\/comments?post=91453"}],"version-history":[{"count":0,"href":"https:\/\/www.europesays.com\/fr\/wp-json\/wp\/v2\/posts\/91453\/revisions"}],"wp:featuredmedia":[{"embeddable":true,"href":"https:\/\/www.europesays.com\/fr\/wp-json\/wp\/v2\/media\/91454"}],"wp:attachment":[{"href":"https:\/\/www.europesays.com\/fr\/wp-json\/wp\/v2\/media?parent=91453"}],"wp:term":[{"taxonomy":"category","embeddable":true,"href":"https:\/\/www.europesays.com\/fr\/wp-json\/wp\/v2\/categories?post=91453"},{"taxonomy":"post_tag","embeddable":true,"href":"https:\/\/www.europesays.com\/fr\/wp-json\/wp\/v2\/tags?post=91453"}],"curies":[{"name":"wp","href":"https:\/\/api.w.org\/{rel}","templated":true}]}}