{"id":91461,"date":"2025-05-11T09:20:10","date_gmt":"2025-05-11T09:20:10","guid":{"rendered":"https:\/\/www.europesays.com\/fr\/91461\/"},"modified":"2025-05-11T09:20:10","modified_gmt":"2025-05-11T09:20:10","slug":"nancy-le-poulet-braise-specialite-dun-nouveau-commerce","status":"publish","type":"post","link":"https:\/\/www.europesays.com\/fr\/91461\/","title":{"rendered":"Nancy. Le poulet brais\u00e9, sp\u00e9cialit\u00e9 d\u2019un nouveau commerce"},"content":{"rendered":"<p>J\u2019avais tr\u00e8s envie de revenir dans la r\u00e9gion et quand mon p\u00e8re m\u2019a inform\u00e9 qu\u2019il souhaitait ouvrir un fast food \u00e0 Nancy, je n\u2019ai pas r\u00e9fl\u00e9chi trop longtemps\u00a0\u00bb, assure Le\u00efdy Sayons qui apr\u00e8s une ann\u00e9e \u00e0 la fac d\u2019\u00e9conomie \u00e0 Nancy, a prolong\u00e9 ses \u00e9tudes \u00e0 Paris en int\u00e9grant une \u00e9cole de commerce dans la capitale.<\/p>\n<p>Titulaire d\u2019un master, ing\u00e9nieur commercial \u00e0 Paris dans l\u2019a\u00e9ronautique civile et militaire pendant cinq ans, son envie d\u2019ailleurs l\u2019a ramen\u00e9 pr\u00e8s de ses proches afin de concr\u00e9tiser son r\u00eave de cr\u00e9er sa propre enseigne.<\/p>\n<p>  Uniquement \u00e0 emporter<\/p>\n<p>\u00ab\u00a0Cela nous a demand\u00e9 beaucoup d\u2019investissements tant sur le plan financier que sur le plan mat\u00e9riel puisque nous avons am\u00e9nag\u00e9 l\u2019ensemble de ce local qui \u00e9tait auparavant occup\u00e9 par des auxiliaires de vie.\u00a0\u00bb<\/p>\n<p>Ici, pas de poulet r\u00f4ti mais du poulet brais\u00e9 sous toutes ses formes. Uniquement des produits frais \u2013 uniquement \u00e0 emporter \u2013 qui sont propos\u00e9s avec des accompagnements (l\u00e9gumes verts, f\u00e9culents, sauces, pommes de terre saut\u00e9es) sans oublier les desserts maison (tiramisu) et les boissons sans alcool parmi lesquelles les sp\u00e9cialit\u00e9s africaines (bissap).<\/p>\n<p>\u00ab\u00a0Nous misons sur le visuel, chacun choisit ce qu\u2019il veut. D\u00e8s que je vois des personnes revenir, cela signifie que l\u2019indice de satisfaction est bien l\u00e0\u00a0\u00bb, se r\u00e9jouit le jeune entrepreneur qui compte bien d\u00e9velopper ce concept sur tout le Grand Est.<\/p>\n<p>La mascotte, qui a \u00e9t\u00e9 r\u00e9alis\u00e9e par un graffeur nanc\u00e9ien, donne une touche artistique \u00e0 la soci\u00e9t\u00e9 Braisemaster qui est \u00e9galement ouverte aux diff\u00e9rentes plateformes de livraison.<\/p>\n<p>Ce contenu est bloqu\u00e9 car vous n&rsquo;avez pas accept\u00e9 les cookies et autres traceurs.<\/p>\n<p>En cliquant sur \u00ab J\u2019accepte \u00bb, les cookies et autres traceurs seront d\u00e9pos\u00e9s et vous pourrez visualiser les contenus  (<a href=\"\" class=\"consentModule_policy\" target=\"_blank\" title=\"Consulter la politique de protection des donn\u00e9es du fournisseur\">plus d&rsquo;informations<\/a>).<\/p>\n<p>En cliquant sur \u00ab J\u2019accepte tous les cookies \u00bb, vous autorisez des d\u00e9p\u00f4ts de cookies et autres traceurs pour le stockage de vos donn\u00e9es sur nos sites et applications \u00e0 des fins de personnalisation et de ciblage publicitaire.<\/p>\n<p class=\"consentModule_secondaryText\">Vous gardez la possibilit\u00e9 de retirer votre consentement \u00e0 tout moment en consultant notre <a href=\"https:\/\/www.estrepublicain.fr\/protection-des-donnees\" target=\"_blank\" title=\"Consulter notre politique de protection des donn\u00e9es\" rel=\"nofollow noopener\">politique de protection des donn\u00e9es<\/a>. <br \/>&#13;<br \/>\n            <a href=\"https:\/\/www.estrepublicain.fr\/economie\/2025\/05\/11\/javascript:Didomi.notice.show()\" class=\"consentModule_cmp\" rel=\"nofollow noopener\" target=\"_blank\">G\u00e9rer mes choix<\/a>&#13;\n        <\/p>\n<p>&#13;<br \/>\n                        J&rsquo;accepte&#13;<br \/>\n            J&rsquo;accepte tous les cookies&#13;\n        <\/p>\n","protected":false},"excerpt":{"rendered":"J\u2019avais tr\u00e8s envie de revenir dans la r\u00e9gion et quand mon p\u00e8re m\u2019a inform\u00e9 qu\u2019il souhaitait ouvrir un&hellip;\n","protected":false},"author":2,"featured_media":91462,"comment_status":"","ping_status":"","sticky":false,"template":"","format":"standard","meta":{"footnotes":""},"categories":[9635],"tags":[1111,11,4406,33,1704,1777,674,1011,27,775,1702,1703,12,25],"class_list":{"0":"post-91461","1":"post","2":"type-post","3":"status-publish","4":"format-standard","5":"has-post-thumbnail","7":"category-nancy","8":"tag-actu","9":"tag-actualites","10":"tag-commerce-et-services","11":"tag-economie","12":"tag-edition-nancy-et-agglomeration","13":"tag-eu","14":"tag-europe","15":"tag-fr","16":"tag-france","17":"tag-grand-est","18":"tag-nancy","19":"tag-nancy-ville-54b","20":"tag-news","21":"tag-republique-francaise"},"share_on_mastodon":{"url":"https:\/\/pubeurope.com\/@fr\/114488464029182512","error":""},"_links":{"self":[{"href":"https:\/\/www.europesays.com\/fr\/wp-json\/wp\/v2\/posts\/91461","targetHints":{"allow":["GET"]}}],"collection":[{"href":"https:\/\/www.europesays.com\/fr\/wp-json\/wp\/v2\/posts"}],"about":[{"href":"https:\/\/www.europesays.com\/fr\/wp-json\/wp\/v2\/types\/post"}],"author":[{"embeddable":true,"href":"https:\/\/www.europesays.com\/fr\/wp-json\/wp\/v2\/users\/2"}],"replies":[{"embeddable":true,"href":"https:\/\/www.europesays.com\/fr\/wp-json\/wp\/v2\/comments?post=91461"}],"version-history":[{"count":0,"href":"https:\/\/www.europesays.com\/fr\/wp-json\/wp\/v2\/posts\/91461\/revisions"}],"wp:featuredmedia":[{"embeddable":true,"href":"https:\/\/www.europesays.com\/fr\/wp-json\/wp\/v2\/media\/91462"}],"wp:attachment":[{"href":"https:\/\/www.europesays.com\/fr\/wp-json\/wp\/v2\/media?parent=91461"}],"wp:term":[{"taxonomy":"category","embeddable":true,"href":"https:\/\/www.europesays.com\/fr\/wp-json\/wp\/v2\/categories?post=91461"},{"taxonomy":"post_tag","embeddable":true,"href":"https:\/\/www.europesays.com\/fr\/wp-json\/wp\/v2\/tags?post=91461"}],"curies":[{"name":"wp","href":"https:\/\/api.w.org\/{rel}","templated":true}]}}