{"id":91471,"date":"2025-05-11T09:29:35","date_gmt":"2025-05-11T09:29:35","guid":{"rendered":"https:\/\/www.europesays.com\/fr\/91471\/"},"modified":"2025-05-11T09:29:35","modified_gmt":"2025-05-11T09:29:35","slug":"tribunal-judiciaire-de-dieppe-cour-dappel-de-rouen-gerald-darmanin-sera-lundi-en","status":"publish","type":"post","link":"https:\/\/www.europesays.com\/fr\/91471\/","title":{"rendered":"Tribunal judiciaire de Dieppe, cour d\u2019appel de Rouen\u00a0: G\u00e9rald Darmanin sera lundi en"},"content":{"rendered":"<p><a href=\"https:\/\/www.ouest-france.fr\/politique\/gerald-darmanin\/\" target=\"_blank\" rel=\"noopener\">Le garde des Sceaux<\/a> doit arriver peu apr\u00e8s 9\u00a0h, lundi 12\u00a0mai 2025, au tribunal judiciaire de Dieppe (Seine-Maritime).<\/p>\n<p><strong>Lire aussi\u00a0:<\/strong> <a href=\"https:\/\/alencon.maville.com\/actu\/actudet_-narcotrafiquants-pourquoi-la-prison-de-conde-sur-sarthe-a-t-elle-ete-choisie-par-gerald-darmanin-_13-6706215_actu.Htm\" target=\"_blank\" rel=\"noopener\">Narcotrafiquants\u00a0: pourquoi la prison de Cond\u00e9-sur-Sarthe a-t-elle \u00e9t\u00e9 choisie par G\u00e9rald Darmanin\u00a0?<\/a><\/p>\n<p><strong>Lire aussi\u00a0:<\/strong> <a href=\"https:\/\/rennes.maville.com\/actu\/actudet_-faire-payer-aux-detenus-les-frais-d-incarceration-5-questions-sur-l-annonce-de-gerald-darmanin-_54135-6786377_actu.Htm\" target=\"_blank\" rel=\"noopener\">Faire payer aux d\u00e9tenus les frais d\u2019incarc\u00e9ration\u00a0: 5\u00a0questions sur l\u2019annonce de G\u00e9rald Darmanin<\/a><\/p>\n<p>Rencontre avec les avocats et les personnels<\/p>\n<p><a href=\"https:\/\/rennes.maville.com\/actu\/actudet_-gerald-darmanin-annonce-que-sa-securite-a-ete-renforcee-en-raison-de-menaces-_54135-6780445_actu.Htm\" target=\"_blank\" rel=\"noopener\">G\u00e9rald Darmanin \u00e9changera avec le personnel du tribunal<\/a> avant de visiter les locaux. Il s\u2019entretiendra dans la foul\u00e9e avec le b\u00e2tonnier de l\u2019ordre des avocats du barreau de Dieppe et les membres du conseil de l\u2019ordre.<\/p>\n<p><strong>Lire aussi\u00a0:<\/strong> <a href=\"https:\/\/rennes.maville.com\/actu\/actudet_-presidentielle-2027-j-ai-envie-j-y-travaille-affirme-gerald-darmanin-a-la-voix-du-nord-_54135-6780951_actu.Htm\" target=\"_blank\" rel=\"noopener\">Pr\u00e9sidentielle 2027\u00a0: \u00ab\u00a0J\u2019ai envie, j\u2019y travaille\u00a0\u00bb, affirme G\u00e9rald Darmanin \u00e0 \u00ab\u00a0La Voix du Nord\u00a0\u00bb<\/a><\/p>\n<p>Direction Rouen, ensuite, o\u00f9 le ministre de la Justice est attendu \u00e0 la cour d\u2019appel. G\u00e9rald Darmanin rencontrera le b\u00e2tonnier de l\u2019ordre des avocats du barreau de Rouen ainsi que les membres du conseil de l\u2019ordre. Il doit ensuite \u00e9changer avec les personnels des juridictions de Rouen.<\/p>\n<p>Le garde des Sceaux est d\u00e9j\u00e0 venu en Normandie, cette ann\u00e9e. <a href=\"https:\/\/alencon.maville.com\/actu\/actudet_-gerald-darmanin-visite-la-prison-de-conde-sur-sarthe-qui-pourrait-accueillir-100-narcotrafiquants-_13-6681918_actu.Htm\" target=\"_blank\" rel=\"noopener\">En f\u00e9vrier, il s\u2019\u00e9tait rendu \u00e0 la prison de Cond\u00e9-sur-Sarthe (Orne),<\/a> lors de sa tourn\u00e9e des centres p\u00e9nitentiaires susceptibles de rassembler les plus gros narcotrafiquants.<\/p>\n<p>\u00a0<\/p>\n","protected":false},"excerpt":{"rendered":"Le garde des Sceaux doit arriver peu apr\u00e8s 9\u00a0h, lundi 12\u00a0mai 2025, au tribunal judiciaire de Dieppe (Seine-Maritime).&hellip;\n","protected":false},"author":2,"featured_media":91472,"comment_status":"","ping_status":"","sticky":false,"template":"","format":"standard","meta":{"footnotes":""},"categories":[9587],"tags":[1111,11,7431,5492,8663,9632,20254,1777,674,1011,27,9631,8639,9865,12,5161,25,9590,5163,3693],"class_list":{"0":"post-91471","1":"post","2":"type-post","3":"status-publish","4":"format-standard","5":"has-post-thumbnail","7":"category-rouen","8":"tag-actu","9":"tag-actualites","10":"tag-appel","11":"tag-caen","12":"tag-cour","13":"tag-darmanin","14":"tag-dieppe","15":"tag-eu","16":"tag-europe","17":"tag-fr","18":"tag-france","19":"tag-gerald","20":"tag-judiciaire","21":"tag-lundi","22":"tag-news","23":"tag-normandie","24":"tag-republique-francaise","25":"tag-rouen","26":"tag-seine-maritime","27":"tag-tribunal"},"share_on_mastodon":{"url":"https:\/\/pubeurope.com\/@fr\/114488499493282947","error":""},"_links":{"self":[{"href":"https:\/\/www.europesays.com\/fr\/wp-json\/wp\/v2\/posts\/91471","targetHints":{"allow":["GET"]}}],"collection":[{"href":"https:\/\/www.europesays.com\/fr\/wp-json\/wp\/v2\/posts"}],"about":[{"href":"https:\/\/www.europesays.com\/fr\/wp-json\/wp\/v2\/types\/post"}],"author":[{"embeddable":true,"href":"https:\/\/www.europesays.com\/fr\/wp-json\/wp\/v2\/users\/2"}],"replies":[{"embeddable":true,"href":"https:\/\/www.europesays.com\/fr\/wp-json\/wp\/v2\/comments?post=91471"}],"version-history":[{"count":0,"href":"https:\/\/www.europesays.com\/fr\/wp-json\/wp\/v2\/posts\/91471\/revisions"}],"wp:featuredmedia":[{"embeddable":true,"href":"https:\/\/www.europesays.com\/fr\/wp-json\/wp\/v2\/media\/91472"}],"wp:attachment":[{"href":"https:\/\/www.europesays.com\/fr\/wp-json\/wp\/v2\/media?parent=91471"}],"wp:term":[{"taxonomy":"category","embeddable":true,"href":"https:\/\/www.europesays.com\/fr\/wp-json\/wp\/v2\/categories?post=91471"},{"taxonomy":"post_tag","embeddable":true,"href":"https:\/\/www.europesays.com\/fr\/wp-json\/wp\/v2\/tags?post=91471"}],"curies":[{"name":"wp","href":"https:\/\/api.w.org\/{rel}","templated":true}]}}