{"id":91473,"date":"2025-05-11T09:30:09","date_gmt":"2025-05-11T09:30:09","guid":{"rendered":"https:\/\/www.europesays.com\/fr\/91473\/"},"modified":"2025-05-11T09:30:09","modified_gmt":"2025-05-11T09:30:09","slug":"grenoble-deux-policiers-plongent-dans-lisere-pour-secourir-une-adolescente-qui-venait-de-sauter-dans-leau","status":"publish","type":"post","link":"https:\/\/www.europesays.com\/fr\/91473\/","title":{"rendered":"Grenoble. Deux policiers plongent dans l\u2019Is\u00e8re pour secourir une adolescente qui venait de sauter dans l\u2019eau"},"content":{"rendered":"<p>Deux gardiens de la paix ont probablement sauv\u00e9 la vie d\u2019une adolescente de 15 ans qui venait de sauter dans le lit de l\u2019Is\u00e8re ce dimanche peu apr\u00e8s 9 heures, \u00e0 la limite des communes de Grenoble et La Tronche, a appris Le Dauphin\u00e9 Lib\u00e9r\u00e9.<\/p>\n<p>L\u2019adolescente, qui \u00e9tait hospitalis\u00e9e \u00e0 l\u2019unit\u00e9 couple\/enfant du CHU Grenoble Alpes, a quitt\u00e9 les lieux et a saut\u00e9 dans l\u2019Is\u00e8re \u00e0 la hauteur du pont de l\u2019Ile Verte.<\/p>\n<p>Ce contenu est bloqu\u00e9 car vous n&rsquo;avez pas accept\u00e9 les cookies et autres traceurs.<\/p>\n<p>En cliquant sur \u00ab J\u2019accepte \u00bb, les cookies et autres traceurs seront d\u00e9pos\u00e9s et vous pourrez visualiser les contenus  (<a href=\"\" class=\"consentModule_policy\" target=\"_blank\" title=\"Consulter la politique de protection des donn\u00e9es du fournisseur\">plus d&rsquo;informations<\/a>).<\/p>\n<p>En cliquant sur \u00ab J\u2019accepte tous les cookies \u00bb, vous autorisez des d\u00e9p\u00f4ts de cookies et autres traceurs pour le stockage de vos donn\u00e9es sur nos sites et applications \u00e0 des fins de personnalisation et de ciblage publicitaire.<\/p>\n<p class=\"consentModule_secondaryText\">Vous gardez la possibilit\u00e9 de retirer votre consentement \u00e0 tout moment en consultant notre <a href=\"https:\/\/www.ledauphine.com\/protection-des-donnees\" target=\"_blank\" title=\"Consulter notre politique de protection des donn\u00e9es\" rel=\"nofollow noopener\">politique de protection des donn\u00e9es<\/a>. <br \/>&#13;<br \/>\n            <a href=\"https:\/\/www.ledauphine.com\/faits-divers-justice\/2025\/05\/11\/javascript:Didomi.notice.show()\" class=\"consentModule_cmp\" rel=\"nofollow noopener\" target=\"_blank\">G\u00e9rer mes choix<\/a>&#13;\n        <\/p>\n<p>&#13;<br \/>\n                        J&rsquo;accepte&#13;<br \/>\n            J&rsquo;accepte tous les cookies&#13;\n        <\/p>\n<p>Des t\u00e9moins ont imm\u00e9diatement donn\u00e9 l\u2019alerte et quelques instant plus tard, un \u00e9quipage de police secours s\u2019est pr\u00e9sent\u00e9 sur les lieux.<\/p>\n<p>Un peu en aval, les gardiens de la paix ont aper\u00e7u l\u2019adolescente qui d\u00e9rivait dans le courant. Ils se sont alors jet\u00e9s \u00e0 l\u2019eau et sont parvenus \u00e0 la rejoindre et \u00e0 la ramener sur la berge. Indemne, elle a ensuite \u00e9t\u00e9 prise en charge par les sapeurs-pompiers avant d\u2019\u00eatre dirig\u00e9e sur l\u2019h\u00f4pital.<\/p>\n","protected":false},"excerpt":{"rendered":"Deux gardiens de la paix ont probablement sauv\u00e9 la vie d\u2019une adolescente de 15 ans qui venait de&hellip;\n","protected":false},"author":2,"featured_media":91474,"comment_status":"","ping_status":"","sticky":false,"template":"","format":"standard","meta":{"footnotes":""},"categories":[9566],"tags":[1111,11,2430,112,1777,674,274,107,1011,27,2731,2732,108,12297,12,25],"class_list":{"0":"post-91473","1":"post","2":"type-post","3":"status-publish","4":"format-standard","5":"has-post-thumbnail","7":"category-grenoble","8":"tag-actu","9":"tag-actualites","10":"tag-auvergne-rhone-alpes","11":"tag-edition-grenoble-agglomeration","12":"tag-eu","13":"tag-europe","14":"tag-faits-divers-justice","15":"tag-fil-info","16":"tag-fr","17":"tag-france","18":"tag-grenoble","19":"tag-grenoble-bassin","20":"tag-isere","21":"tag-la-tronche","22":"tag-news","23":"tag-republique-francaise"},"share_on_mastodon":{"url":"https:\/\/pubeurope.com\/@fr\/114488503446496995","error":""},"_links":{"self":[{"href":"https:\/\/www.europesays.com\/fr\/wp-json\/wp\/v2\/posts\/91473","targetHints":{"allow":["GET"]}}],"collection":[{"href":"https:\/\/www.europesays.com\/fr\/wp-json\/wp\/v2\/posts"}],"about":[{"href":"https:\/\/www.europesays.com\/fr\/wp-json\/wp\/v2\/types\/post"}],"author":[{"embeddable":true,"href":"https:\/\/www.europesays.com\/fr\/wp-json\/wp\/v2\/users\/2"}],"replies":[{"embeddable":true,"href":"https:\/\/www.europesays.com\/fr\/wp-json\/wp\/v2\/comments?post=91473"}],"version-history":[{"count":0,"href":"https:\/\/www.europesays.com\/fr\/wp-json\/wp\/v2\/posts\/91473\/revisions"}],"wp:featuredmedia":[{"embeddable":true,"href":"https:\/\/www.europesays.com\/fr\/wp-json\/wp\/v2\/media\/91474"}],"wp:attachment":[{"href":"https:\/\/www.europesays.com\/fr\/wp-json\/wp\/v2\/media?parent=91473"}],"wp:term":[{"taxonomy":"category","embeddable":true,"href":"https:\/\/www.europesays.com\/fr\/wp-json\/wp\/v2\/categories?post=91473"},{"taxonomy":"post_tag","embeddable":true,"href":"https:\/\/www.europesays.com\/fr\/wp-json\/wp\/v2\/tags?post=91473"}],"curies":[{"name":"wp","href":"https:\/\/api.w.org\/{rel}","templated":true}]}}