{"id":91475,"date":"2025-05-11T09:31:21","date_gmt":"2025-05-11T09:31:21","guid":{"rendered":"https:\/\/www.europesays.com\/fr\/91475\/"},"modified":"2025-05-11T09:31:21","modified_gmt":"2025-05-11T09:31:21","slug":"les-reds-terminent-6e-un-classement-historique-aux-portes-des-play-offs","status":"publish","type":"post","link":"https:\/\/www.europesays.com\/fr\/91475\/","title":{"rendered":"les Reds terminent 6e, un classement historique aux portes des play-offs"},"content":{"rendered":"<p>\t\t\t\t\t\t\t\t\t\t\t<img loading=\"lazy\" decoding=\"async\" width=\"1110\" title=\"FC Annecy-GF38 : les Reds terminent 6e, un classement historique aux portes des play-offs\" class=\"img-fluid not_lzld mb-3\" src=\"https:\/\/www.europesays.com\/fr\/wp-content\/uploads\/2025\/05\/1110x624_fc-annecy-gf38-les-reds-terminent-6e-un-classement-historique-aux-portes-des-play-offs_681f\" alt=\"FC Annecy-GF38 : les Reds terminent 6e, un classement historique aux portes des play-offs\" itemprop=\"image\" height=\"624\"\/>\t\t\t\t\t\t\t\t\t\t\t\t<\/p>\n<p>FC Annecy-GF38 : les Reds terminent 6e, un classement historique aux portes des play-offs &#8211; DR<\/p>\n<p itemprop=\"description\"><strong>Les Reds n&rsquo;auront probablement pas de regrets ce samedi soir.<\/strong><\/p>\n<p>Mais cela viendra avec le temps. Car avec la victoire (3-1) lors de l&rsquo;Alpico contre le GF38, le FC Annecy termine cette saison de Ligue 2 \u00e0 la 6e place, soit le meilleur classement de son histoire.<\/p>\n<p>Cl\u00e9ment Billemaz, auteur d&rsquo;un doubl\u00e9 (28&prime; et 51&prime;), et Antoine Larose (46&prime;) sont les buteurs haut-savoyards, tandis que Junior Olaitan (34&prime;) avait temporairement \u00e9galis\u00e9 pour Grenoble.<\/p>\n<p>Avec ce succ\u00e8s, le premier contre le voisin is\u00e9rois, le FC Annecy termine donc 6e, \u00e0 seulement 4 points de la 5e place qualificative pour les play-offs occup\u00e9e par Guingamp.<\/p>\n<p>Place donc \u00e0 la f\u00eate puis \u00e0 la pr\u00e9paration de la saison prochaine, qui devra \u00eatre celle de la confirmation.<\/p>\n<blockquote class=\"twitter-tweet\"><p>&#13;<\/p>\n<p dir=\"ltr\" lang=\"fr\">\ud83d\udd1a\u2705<\/p>\n<p>\ud83d\ude0d\ud835\udc0b\ud835\udc1e \ud835\udc1d\ud835\udc1e\ud835\udc2b\ud835\udc1b\ud835\udc32 \ud835\udc29\ud835\udc28\ud835\udc2e\ud835\udc2b \ud835\udc00\ud835\udc27\ud835\udc27\ud835\udc1e\ud835\udc1c\ud835\udc32 ! \u26f0\ufe0fLes Reds s&rsquo;offrent un magnifique succ\u00e8s pour conclure en beaut\u00e9 cette saison 2024\/25 ! \ud83e\udd70<a href=\"https:\/\/twitter.com\/BetssonFR?ref_src=twsrc%5Etfw\" target=\"_blank\" rel=\"noopener\">@BetssonFR<\/a> \ud83e\udd1d<a href=\"https:\/\/twitter.com\/hashtag\/AllobrogesVaillants?src=hash&amp;ref_src=twsrc%5Etfw\" target=\"_blank\" rel=\"noopener\">#AllobrogesVaillants<\/a><a href=\"https:\/\/twitter.com\/hashtag\/FCAGF38?src=hash&amp;ref_src=twsrc%5Etfw\" target=\"_blank\" rel=\"noopener\">#FCAGF38<\/a> <a href=\"https:\/\/t.co\/rGKjl1VRTh\">pic.twitter.com\/rGKjl1VRTh<\/a><\/p>\n<p>&#13;<br \/>\n\u2014 FC Annecy (@FCAnnecy) <a href=\"https:\/\/twitter.com\/FCAnnecy\/status\/1921247100420915401?ref_src=twsrc%5Etfw\" target=\"_blank\" rel=\"noopener\">May 10, 2025<\/a><\/p><\/blockquote>\n<p>\t\t\t\t\t\t\t\t\t\t\t\t\t\t\t\t\t\t\t<script async src=\"https:\/\/platform.twitter.com\/widgets.js\" charset=\"utf-8\"><\/script><\/p>\n","protected":false},"excerpt":{"rendered":"FC Annecy-GF38 : les Reds terminent 6e, un classement historique aux portes des play-offs &#8211; DR Les Reds&hellip;\n","protected":false},"author":2,"featured_media":91476,"comment_status":"","ping_status":"","sticky":false,"template":"","format":"standard","meta":{"footnotes":""},"categories":[9566],"tags":[1111,11,7733,3853,2430,7736,650,7734,2889,2263,1777,674,1011,27,2731,7735,6417,1114,4662,12,7731,7732,3725,1825,25,5508,7737],"class_list":{"0":"post-91475","1":"post","2":"type-post","3":"status-publish","4":"format-standard","5":"has-post-thumbnail","7":"category-grenoble","8":"tag-actu","9":"tag-actualites","10":"tag-alpes","11":"tag-annecy","12":"tag-auvergne-rhone-alpes","13":"tag-cds","14":"tag-cinema","15":"tag-ecoute","16":"tag-emission","17":"tag-equipe","18":"tag-eu","19":"tag-europe","20":"tag-fr","21":"tag-france","22":"tag-grenoble","23":"tag-hautes-savoie","24":"tag-information","25":"tag-infos","26":"tag-journal","27":"tag-news","28":"tag-ods","29":"tag-odsradio","30":"tag-podcast","31":"tag-radio","32":"tag-republique-francaise","33":"tag-savoie","34":"tag-winamp"},"share_on_mastodon":{"url":"https:\/\/pubeurope.com\/@fr\/114488507307696719","error":""},"_links":{"self":[{"href":"https:\/\/www.europesays.com\/fr\/wp-json\/wp\/v2\/posts\/91475","targetHints":{"allow":["GET"]}}],"collection":[{"href":"https:\/\/www.europesays.com\/fr\/wp-json\/wp\/v2\/posts"}],"about":[{"href":"https:\/\/www.europesays.com\/fr\/wp-json\/wp\/v2\/types\/post"}],"author":[{"embeddable":true,"href":"https:\/\/www.europesays.com\/fr\/wp-json\/wp\/v2\/users\/2"}],"replies":[{"embeddable":true,"href":"https:\/\/www.europesays.com\/fr\/wp-json\/wp\/v2\/comments?post=91475"}],"version-history":[{"count":0,"href":"https:\/\/www.europesays.com\/fr\/wp-json\/wp\/v2\/posts\/91475\/revisions"}],"wp:featuredmedia":[{"embeddable":true,"href":"https:\/\/www.europesays.com\/fr\/wp-json\/wp\/v2\/media\/91476"}],"wp:attachment":[{"href":"https:\/\/www.europesays.com\/fr\/wp-json\/wp\/v2\/media?parent=91475"}],"wp:term":[{"taxonomy":"category","embeddable":true,"href":"https:\/\/www.europesays.com\/fr\/wp-json\/wp\/v2\/categories?post=91475"},{"taxonomy":"post_tag","embeddable":true,"href":"https:\/\/www.europesays.com\/fr\/wp-json\/wp\/v2\/tags?post=91475"}],"curies":[{"name":"wp","href":"https:\/\/api.w.org\/{rel}","templated":true}]}}