{"id":9148,"date":"2025-04-08T01:55:13","date_gmt":"2025-04-08T01:55:13","guid":{"rendered":"https:\/\/www.europesays.com\/fr\/9148\/"},"modified":"2025-04-08T01:55:13","modified_gmt":"2025-04-08T01:55:13","slug":"tour-des-flandres-on-sest-accroche-comme-on-pouvait-aurelien-paret-peintre-premier-francais-pour-sa-premiere","status":"publish","type":"post","link":"https:\/\/www.europesays.com\/fr\/9148\/","title":{"rendered":"Tour des Flandres. \u00ab On s&rsquo;est accroch\u00e9 comme on pouvait \u00bb : Aur\u00e9lien Paret-Peintre premier fran\u00e7ais pour sa premi\u00e8re"},"content":{"rendered":"<p>Ce contenu est bloqu\u00e9 car vous n&rsquo;avez pas accept\u00e9 les cookies et autres traceurs.<\/p>\n<p>En cliquant sur \u00ab J\u2019accepte \u00bb, les cookies et autres traceurs seront d\u00e9pos\u00e9s et vous pourrez visualiser les contenus  (<a href=\"\" class=\"consentModule_policy\" target=\"_blank\" title=\"Consulter la politique de protection des donn\u00e9es du fournisseur\">plus d&rsquo;informations<\/a>).<\/p>\n<p>En cliquant sur \u00ab J\u2019accepte tous les cookies \u00bb, vous autorisez des d\u00e9p\u00f4ts de cookies et autres traceurs pour le stockage de vos donn\u00e9es sur nos sites et applications \u00e0 des fins de personnalisation et de ciblage publicitaire.<\/p>\n<p class=\"consentModule_secondaryText\">Vous gardez la possibilit\u00e9 de retirer votre consentement \u00e0 tout moment en consultant notre <a href=\"https:\/\/www.ledauphine.com\/protection-des-donnees\" target=\"_blank\" title=\"Consulter notre politique de protection des donn\u00e9es\" rel=\"noopener\">politique de protection des donn\u00e9es<\/a>. <br \/>&#13;<br \/>\n            <a href=\"https:\/\/www.ledauphine.com\/sport\/2025\/04\/06\/javascript:Didomi.notice.show()\" class=\"consentModule_cmp\" target=\"_blank\" rel=\"noopener\">G\u00e9rer mes choix<\/a>&#13;\n        <\/p>\n<p>&#13;<br \/>\n                        J&rsquo;accepte&#13;<br \/>\n            J&rsquo;accepte tous les cookies&#13;\n        <\/p>\n<p>  <strong>\u00ab\u00a0J\u2019ai pu trouver une petite ouverture\u00a0\u00bb<\/strong><\/p>\n<p>\u00ab\u00a0Tout le final, on s\u2019est accroch\u00e9 comme on pouvait avec Stefan (Bisseger, 19e) pour rallier l\u2019arriv\u00e9e. C\u2019\u00e9tait un sprint particulier avec du vent de face, j\u2019ai pu trouver une petite ouverture donc c\u2019est cool\u00a0\u00bb, explique celui qui postule pour participer \u00e0 Li\u00e8ge-Bastogne-Li\u00e8ge dans trois semaines, o\u00f9 il avait termin\u00e9 en 5e position l\u2019an pass\u00e9.<\/p>\n<p>Une satisfaction qui contraste avec la journ\u00e9e plut\u00f4t morose du collectif savoyard. Pris dans une chute avant que la course ne s\u2019emballe, Pierre Gautherat, Sander de Pestel et Dries de Bondt, les trois autres belles cartouches pour Decathlon AG2R La Mondiale ont \u00e9t\u00e9 contraints \u00e0 l\u2019abandon.<\/p>\n","protected":false},"excerpt":{"rendered":"Ce contenu est bloqu\u00e9 car vous n&rsquo;avez pas accept\u00e9 les cookies et autres traceurs. En cliquant sur \u00ab&hellip;\n","protected":false},"author":2,"featured_media":9149,"comment_status":"","ping_status":"","sticky":false,"template":"","format":"standard","meta":{"footnotes":""},"categories":[1411],"tags":[4634,4635,4636,1154,207,4633,4637,1701,1011,27,4638,517,1947,60],"class_list":{"0":"post-9148","1":"post","2":"type-post","3":"status-publish","4":"format-standard","5":"has-post-thumbnail","7":"category-cyclisme","8":"tag-annemasse","9":"tag-annemasse-agglomeration","10":"tag-annemasse-bassin","11":"tag-cycling","12":"tag-cyclisme","13":"tag-decathlon-ag2r-la-mondiale-cyclisme","14":"tag-edition-grand-geneve-chablais-ain","15":"tag-fil-info-sport","16":"tag-fr","17":"tag-france","18":"tag-haute-savoie","19":"tag-sport","20":"tag-sport-national","21":"tag-sports"},"share_on_mastodon":{"url":"https:\/\/pubeurope.com\/@fr\/114299858171457689","error":""},"_links":{"self":[{"href":"https:\/\/www.europesays.com\/fr\/wp-json\/wp\/v2\/posts\/9148","targetHints":{"allow":["GET"]}}],"collection":[{"href":"https:\/\/www.europesays.com\/fr\/wp-json\/wp\/v2\/posts"}],"about":[{"href":"https:\/\/www.europesays.com\/fr\/wp-json\/wp\/v2\/types\/post"}],"author":[{"embeddable":true,"href":"https:\/\/www.europesays.com\/fr\/wp-json\/wp\/v2\/users\/2"}],"replies":[{"embeddable":true,"href":"https:\/\/www.europesays.com\/fr\/wp-json\/wp\/v2\/comments?post=9148"}],"version-history":[{"count":0,"href":"https:\/\/www.europesays.com\/fr\/wp-json\/wp\/v2\/posts\/9148\/revisions"}],"wp:featuredmedia":[{"embeddable":true,"href":"https:\/\/www.europesays.com\/fr\/wp-json\/wp\/v2\/media\/9149"}],"wp:attachment":[{"href":"https:\/\/www.europesays.com\/fr\/wp-json\/wp\/v2\/media?parent=9148"}],"wp:term":[{"taxonomy":"category","embeddable":true,"href":"https:\/\/www.europesays.com\/fr\/wp-json\/wp\/v2\/categories?post=9148"},{"taxonomy":"post_tag","embeddable":true,"href":"https:\/\/www.europesays.com\/fr\/wp-json\/wp\/v2\/tags?post=9148"}],"curies":[{"name":"wp","href":"https:\/\/api.w.org\/{rel}","templated":true}]}}