{"id":91481,"date":"2025-05-11T09:34:10","date_gmt":"2025-05-11T09:34:10","guid":{"rendered":"https:\/\/www.europesays.com\/fr\/91481\/"},"modified":"2025-05-11T09:34:10","modified_gmt":"2025-05-11T09:34:10","slug":"un-feu-de-camion-provoque-la-fermeture-des-voies-pres-de-metz","status":"publish","type":"post","link":"https:\/\/www.europesays.com\/fr\/91481\/","title":{"rendered":"un feu de camion provoque la fermeture des voies pr\u00e8s de Metz"},"content":{"rendered":"<p>Ce dimanche 11\u00a0mai, aux alentours de 2\u00a0h\u00a030, un accident s\u2019est produit sur <a href=\"https:\/\/www.republicain-lorrain.fr\/faits-divers-justice\/2025\/05\/09\/dany-boon-victime-d-un-accident-sur-l-autoroute-a4\" target=\"_blank\" rel=\"noopener\"> l\u2019autoroute A4<\/a> , dans le sens Paris-Strasbourg, \u00e0 hauteur de Charly-Oradour. Suite \u00e0 l\u2019explosion de l\u2019un de ses pneus, un camion est venu percuter la glissi\u00e8re de s\u00e9curit\u00e9 situ\u00e9e\u00a0sur la droite de la chauss\u00e9e avant de s\u2019immobiliser sur la bande d\u2019arr\u00eat d\u2019urgence.<\/p>\n<p>S\u2019en est suivi un d\u00e9part de feu qui a pu \u00eatre ma\u00eetris\u00e9 par les pompiers du service d\u00e9partemental de secours et d\u2019incendie (SDIS), d\u00e9p\u00each\u00e9s rapidement sur les lieux.\u00a0<\/p>\n<p>Ce contenu est bloqu\u00e9 car vous n&rsquo;avez pas accept\u00e9 les cookies et autres traceurs.<\/p>\n<p>En cliquant sur \u00ab J\u2019accepte \u00bb, les cookies et autres traceurs seront d\u00e9pos\u00e9s et vous pourrez visualiser les contenus  (<a href=\"\" class=\"consentModule_policy\" target=\"_blank\" title=\"Consulter la politique de protection des donn\u00e9es du fournisseur\">plus d&rsquo;informations<\/a>).<\/p>\n<p>En cliquant sur \u00ab J\u2019accepte tous les cookies \u00bb, vous autorisez des d\u00e9p\u00f4ts de cookies et autres traceurs pour le stockage de vos donn\u00e9es sur nos sites et applications \u00e0 des fins de personnalisation et de ciblage publicitaire.<\/p>\n<p class=\"consentModule_secondaryText\">Vous gardez la possibilit\u00e9 de retirer votre consentement \u00e0 tout moment en consultant notre <a href=\"https:\/\/www.republicain-lorrain.fr\/protection-des-donnees\" target=\"_blank\" title=\"Consulter notre politique de protection des donn\u00e9es\" rel=\"noopener\">politique de protection des donn\u00e9es<\/a>. <br \/>&#13;<br \/>\n            <a href=\"https:\/\/www.republicain-lorrain.fr\/faits-divers-justice\/2025\/05\/11\/javascript:Didomi.notice.show()\" class=\"consentModule_cmp\" target=\"_blank\" rel=\"noopener\">G\u00e9rer mes choix<\/a>&#13;\n        <\/p>\n<p>&#13;<br \/>\n                        J&rsquo;accepte&#13;<br \/>\n            J&rsquo;accepte tous les cookies&#13;\n        <\/p>\n<p>Si leur intervention, m\u00eal\u00e9e \u00e0 celle du peloton de gendarmerie de Saint-Avold, s\u2019est achev\u00e9e \u00e0 5\u00a0h, les deux voies de droites resteront ferm\u00e9es une bonne partie de la matin\u00e9e.<\/p>\n<p>Le temps pour les agents de la Soci\u00e9t\u00e9 des autoroutes du Nord et de l\u2019Est de la France (Sanef) de remettre en \u00e9tat la chauss\u00e9e.\u00a0\u00c0 noter que le conducteur du v\u00e9hicule n\u2019a pas \u00e9t\u00e9 bless\u00e9.<\/p>\n","protected":false},"excerpt":{"rendered":"Ce dimanche 11\u00a0mai, aux alentours de 2\u00a0h\u00a030, un accident s\u2019est produit sur l\u2019autoroute A4 , dans le sens&hellip;\n","protected":false},"author":2,"featured_media":91482,"comment_status":"","ping_status":"","sticky":false,"template":"","format":"standard","meta":{"footnotes":""},"categories":[2820],"tags":[119,1111,11,20256,20255,5598,1777,674,274,107,1011,27,775,5599,12,25,640],"class_list":{"0":"post-91481","1":"post","2":"type-post","3":"status-publish","4":"format-standard","5":"has-post-thumbnail","7":"category-strasbourg","8":"tag-accident","9":"tag-actu","10":"tag-actualites","11":"tag-cc-rives-de-moselle-57b","12":"tag-charly-oradour","13":"tag-edition-metz-et-agglomeration","14":"tag-eu","15":"tag-europe","16":"tag-faits-divers-justice","17":"tag-fil-info","18":"tag-fr","19":"tag-france","20":"tag-grand-est","21":"tag-moselle","22":"tag-news","23":"tag-republique-francaise","24":"tag-strasbourg"},"share_on_mastodon":{"url":"https:\/\/pubeurope.com\/@fr\/114488519202998788","error":""},"_links":{"self":[{"href":"https:\/\/www.europesays.com\/fr\/wp-json\/wp\/v2\/posts\/91481","targetHints":{"allow":["GET"]}}],"collection":[{"href":"https:\/\/www.europesays.com\/fr\/wp-json\/wp\/v2\/posts"}],"about":[{"href":"https:\/\/www.europesays.com\/fr\/wp-json\/wp\/v2\/types\/post"}],"author":[{"embeddable":true,"href":"https:\/\/www.europesays.com\/fr\/wp-json\/wp\/v2\/users\/2"}],"replies":[{"embeddable":true,"href":"https:\/\/www.europesays.com\/fr\/wp-json\/wp\/v2\/comments?post=91481"}],"version-history":[{"count":0,"href":"https:\/\/www.europesays.com\/fr\/wp-json\/wp\/v2\/posts\/91481\/revisions"}],"wp:featuredmedia":[{"embeddable":true,"href":"https:\/\/www.europesays.com\/fr\/wp-json\/wp\/v2\/media\/91482"}],"wp:attachment":[{"href":"https:\/\/www.europesays.com\/fr\/wp-json\/wp\/v2\/media?parent=91481"}],"wp:term":[{"taxonomy":"category","embeddable":true,"href":"https:\/\/www.europesays.com\/fr\/wp-json\/wp\/v2\/categories?post=91481"},{"taxonomy":"post_tag","embeddable":true,"href":"https:\/\/www.europesays.com\/fr\/wp-json\/wp\/v2\/tags?post=91481"}],"curies":[{"name":"wp","href":"https:\/\/api.w.org\/{rel}","templated":true}]}}