{"id":91483,"date":"2025-05-11T09:35:10","date_gmt":"2025-05-11T09:35:10","guid":{"rendered":"https:\/\/www.europesays.com\/fr\/91483\/"},"modified":"2025-05-11T09:35:10","modified_gmt":"2025-05-11T09:35:10","slug":"courses-de-strasbourg-les-coureurs-et-les-fans-ont-envahi-la-ville","status":"publish","type":"post","link":"https:\/\/www.europesays.com\/fr\/91483\/","title":{"rendered":"Courses de Strasbourg. Les coureurs et les fans ont envahi la ville"},"content":{"rendered":"<p>D\u00e8s 7 h 30 ce dimanche matin, le centre-ville de Strasbourg est d\u00e9j\u00e0 agit\u00e9 par des coureurs en tous sens\u00a0: ils sont 12000 \u00e0 prendre part aux diff\u00e9rents parcours des Courses de Strasbourg.<\/p>\n<p>A 9 h, place Saint-Etienne, les fans sont d\u00e9j\u00e0 l\u00e0 pour encourager les premiers coureurs du semi-marathon partis \u00e0 7 h 55. Place Saint-Nicolas-aux-Ondes, \u00e0 la Krutenau, le groupe Babay l\u2019Akoosti\u2019K encourage de ses rythmes funk et reggae les coureurs qui visiblement appr\u00e9cient, sourient et remercient par un pouce lev\u00e9.<\/p>\n<p>D\u00e9fendre une cause, une entreprise&#8230;<\/p>\n<p>Le lieu du d\u00e9part, rue de l\u2019Universit\u00e9, voit se masser des coureurs aux multiples dossards\u00a0: 10 km, 5 km, marche de l\u2019Europe (pour ceux qui veulent en \u00eatre mais sans courir). Beaucoup font partie d\u2019\u00e9quipes qui repr\u00e9sentent une cause, une entreprise\u2026 On y croise le Collectif Strasbourg-Palestine, reconnaissable \u00e0 ses \u00e9charpes et ses keffieh, La n\u00e9phro en baskets (qui sensibilise au don d\u2019organe, en l\u2019occurrence le don de reins)\u2026<\/p>\n<p>De retour au centre-ville, on croise un gros peloton de coureurs <a href=\"https:\/\/www.dna.fr\/sport\/2025\/05\/11\/le-maroc-a-l-honneur-sur-le-semi-marathon\" target=\"_blank\" rel=\"nofollow noopener\">du semi-marathon<\/a> dans la rue des Juifs, \u00e0 10 h\u00a0: les encouragements fusent, y compris de riverains depuis leurs fen\u00eatres. Les derniers coureurs partiront \u00e0 12 h 05 de la rue de l\u2019Universit\u00e9\u00a0pour le 5 km. L&rsquo;arriv\u00e9e a lieu rue des Grandes-Arcades, pr\u00e8s de la place Kl\u00e9ber.<\/p>\n","protected":false},"excerpt":{"rendered":"D\u00e8s 7 h 30 ce dimanche matin, le centre-ville de Strasbourg est d\u00e9j\u00e0 agit\u00e9 par des coureurs en&hellip;\n","protected":false},"author":2,"featured_media":91484,"comment_status":"","ping_status":"","sticky":false,"template":"","format":"standard","meta":{"footnotes":""},"categories":[2820],"tags":[1111,11,4132,1687,2880,1777,674,107,1011,27,775,12,25,517,640],"class_list":{"0":"post-91483","1":"post","2":"type-post","3":"status-publish","4":"format-standard","5":"has-post-thumbnail","7":"category-strasbourg","8":"tag-actu","9":"tag-actualites","10":"tag-athletisme","11":"tag-culture-loisirs","12":"tag-edition-strasbourg","13":"tag-eu","14":"tag-europe","15":"tag-fil-info","16":"tag-fr","17":"tag-france","18":"tag-grand-est","19":"tag-news","20":"tag-republique-francaise","21":"tag-sport","22":"tag-strasbourg"},"share_on_mastodon":{"url":"https:\/\/pubeurope.com\/@fr\/114488523013198672","error":""},"_links":{"self":[{"href":"https:\/\/www.europesays.com\/fr\/wp-json\/wp\/v2\/posts\/91483","targetHints":{"allow":["GET"]}}],"collection":[{"href":"https:\/\/www.europesays.com\/fr\/wp-json\/wp\/v2\/posts"}],"about":[{"href":"https:\/\/www.europesays.com\/fr\/wp-json\/wp\/v2\/types\/post"}],"author":[{"embeddable":true,"href":"https:\/\/www.europesays.com\/fr\/wp-json\/wp\/v2\/users\/2"}],"replies":[{"embeddable":true,"href":"https:\/\/www.europesays.com\/fr\/wp-json\/wp\/v2\/comments?post=91483"}],"version-history":[{"count":0,"href":"https:\/\/www.europesays.com\/fr\/wp-json\/wp\/v2\/posts\/91483\/revisions"}],"wp:featuredmedia":[{"embeddable":true,"href":"https:\/\/www.europesays.com\/fr\/wp-json\/wp\/v2\/media\/91484"}],"wp:attachment":[{"href":"https:\/\/www.europesays.com\/fr\/wp-json\/wp\/v2\/media?parent=91483"}],"wp:term":[{"taxonomy":"category","embeddable":true,"href":"https:\/\/www.europesays.com\/fr\/wp-json\/wp\/v2\/categories?post=91483"},{"taxonomy":"post_tag","embeddable":true,"href":"https:\/\/www.europesays.com\/fr\/wp-json\/wp\/v2\/tags?post=91483"}],"curies":[{"name":"wp","href":"https:\/\/api.w.org\/{rel}","templated":true}]}}