{"id":914872,"date":"2026-05-06T11:06:41","date_gmt":"2026-05-06T11:06:41","guid":{"rendered":"https:\/\/www.europesays.com\/fr\/914872\/"},"modified":"2026-05-06T11:06:41","modified_gmt":"2026-05-06T11:06:41","slug":"suisse-ue-accords-avec-lue-une-commission-demande-la-double-majorite","status":"publish","type":"post","link":"https:\/\/www.europesays.com\/fr\/914872\/","title":{"rendered":"Suisse-UE. Accords avec l&rsquo;UE: une commission demande la double majorit\u00e9"},"content":{"rendered":"<p class=\"paragraph-1-base\">L&rsquo;initiative vise \u00e0 \u00e9liminer les incertitudes concernant la constitutionnalit\u00e9 de la modification de l&rsquo;accord sur la libre circulation des personnes, lit-on dans le texte d\u00e9pos\u00e9 mardi soir. La commission rel\u00e8ve la contradiction entre l&rsquo;extension de la libre circulation des personnes et l&rsquo;article de la Constitution f\u00e9d\u00e9rale concernant la gestion autonome de l&rsquo;immigration.<\/p>\n","protected":false},"excerpt":{"rendered":"L&rsquo;initiative vise \u00e0 \u00e9liminer les incertitudes concernant la constitutionnalit\u00e9 de la modification de l&rsquo;accord sur la libre circulation&hellip;\n","protected":false},"author":2,"featured_media":914873,"comment_status":"","ping_status":"","sticky":false,"template":"","format":"standard","meta":{"footnotes":"","_share_on_mastodon":"0"},"categories":[1586],"tags":[11,3542,76,1777,674,1779,1011,27,1061,20625,12,25,1778,364],"class_list":["post-914872","post","type-post","status-publish","format-standard","has-post-thumbnail","category-europe","tag-actualites","tag-circulation","tag-constitution","tag-eu","tag-europe","tag-european-union","tag-fr","tag-france","tag-immigration","tag-initiative","tag-news","tag-republique-francaise","tag-ue","tag-union-europeenne"],"share_on_mastodon":{"url":"https:\/\/pubeurope.com\/@fr\/116527313021485066","error":""},"_links":{"self":[{"href":"https:\/\/www.europesays.com\/fr\/wp-json\/wp\/v2\/posts\/914872","targetHints":{"allow":["GET"]}}],"collection":[{"href":"https:\/\/www.europesays.com\/fr\/wp-json\/wp\/v2\/posts"}],"about":[{"href":"https:\/\/www.europesays.com\/fr\/wp-json\/wp\/v2\/types\/post"}],"author":[{"embeddable":true,"href":"https:\/\/www.europesays.com\/fr\/wp-json\/wp\/v2\/users\/2"}],"replies":[{"embeddable":true,"href":"https:\/\/www.europesays.com\/fr\/wp-json\/wp\/v2\/comments?post=914872"}],"version-history":[{"count":0,"href":"https:\/\/www.europesays.com\/fr\/wp-json\/wp\/v2\/posts\/914872\/revisions"}],"wp:featuredmedia":[{"embeddable":true,"href":"https:\/\/www.europesays.com\/fr\/wp-json\/wp\/v2\/media\/914873"}],"wp:attachment":[{"href":"https:\/\/www.europesays.com\/fr\/wp-json\/wp\/v2\/media?parent=914872"}],"wp:term":[{"taxonomy":"category","embeddable":true,"href":"https:\/\/www.europesays.com\/fr\/wp-json\/wp\/v2\/categories?post=914872"},{"taxonomy":"post_tag","embeddable":true,"href":"https:\/\/www.europesays.com\/fr\/wp-json\/wp\/v2\/tags?post=914872"}],"curies":[{"name":"wp","href":"https:\/\/api.w.org\/{rel}","templated":true}]}}