{"id":91489,"date":"2025-05-11T09:38:09","date_gmt":"2025-05-11T09:38:09","guid":{"rendered":"https:\/\/www.europesays.com\/fr\/91489\/"},"modified":"2025-05-11T09:38:09","modified_gmt":"2025-05-11T09:38:09","slug":"open-air-fonky-family-bekar-une-soiree-hip-hop-organisee-a-nantes","status":"publish","type":"post","link":"https:\/\/www.europesays.com\/fr\/91489\/","title":{"rendered":"Open air, Fonky Family, Bekar&#8230; Une soir\u00e9e hip-hop organis\u00e9e \u00e0 Nantes"},"content":{"rendered":"<p>            Par<br \/>\n        <strong><br \/>\n            <a href=\"https:\/\/actu.fr\/auteur\/clemence-pays02-actu-fr\" title=\"Consulter tous les articles de Cl\u00e9mence Pays\" target=\"_blank\" rel=\"noopener\">Cl\u00e9mence Pays<\/a><br \/>\n        <\/strong><\/p>\n<p>        Publi\u00e9 le<\/p>\n<p>            11 mai 2025 \u00e0 11h02        <\/p>\n<p>C\u2019est bient\u00f4t le top d\u00e9part pour <a href=\"https:\/\/actu.fr\/pays-de-la-loire\/nantes_44109\/musique-humour-cuisine-decouvrez-ce-nouveau-festival-multiculturel-a-nantes_62236910.html\" target=\"_blank\" rel=\"noopener\">la toute premi\u00e8re \u00e9dition de l\u2019Euphoria Nantes Festival<\/a>. Organis\u00e9 par <strong>Paco Tyson, Krumpp et le Micro Comedy Club,<\/strong> l\u2019\u00e9v\u00e9nement r\u00e9unit musique, animations, humour et gastronomie, le tout dans\u00a0le cadre atypique de <strong>l\u2019ancien Min de Nantes<\/strong> reconvertit en tiers-lieu.<\/p>\n<p class=\" wall-content\">Pour l\u2019occasion, une <strong>soir\u00e9e hip-hop<\/strong> est organis\u00e9e samedi 24\u00a0mai, <strong>sous un chapiteau,<\/strong> sp\u00e9cialement install\u00e9 pour l\u2019occasion \u00e0 Min de Rien.<\/p>\n<p>La Fonky Family, Bekar et Mairo<\/p>\n<p class=\" wall-content\">En t\u00eate d\u2019affiche de ce concert\u2009: <a href=\"https:\/\/actu.fr\/pays-de-la-loire\/nantes_44109\/la-fonky-family-debarque-a-nantes-pour-un-concert-exceptionnel-sous-chapiteau_62048217.html\" target=\"_blank\" rel=\"noopener\">la Fonky Family<\/a>. Apr\u00e8s une tourn\u00e9e exceptionnelle des festivals en 2024, le groupe de Marseille est de remonte sur sc\u00e8ne pour interpr\u00e9ter ses plus grands titres.<\/p>\n<p class=\" wall-content\">\n<p class=\" wall-content\">Aux c\u00f4t\u00e9s de ce groupe mythique, on retrouvera <strong>Bekar.<\/strong> Ce jeune artiste de 25\u00a0ans originaire de <a href=\"https:\/\/actu.fr\/hauts-de-france\/roubaix_59512\" target=\"_blank\" rel=\"noopener\">Roubaix<\/a> raconte son quotidien doux-amer en musique dans son premier album Plus fort que l\u2019orage.<\/p>\n<p class=\" wall-content\">\n<p class=\" wall-content\">Enfin, <strong>Mairo,<\/strong> rappeur suisse d\u2019origine \u00e9rythr\u00e9enne, viendra compl\u00e9ter la programmation. En 2024, son projet La Solution, en collaboration avec H JeuneCrack, le propulse sur les sc\u00e8nes des festivals francophones. L\u2019artiste a \u00e9galement fait parler de lui apr\u00e8s sa performance dans le Gr\u00fcnt 68, pendant laquelle il rappe seul pendant pr\u00e8s d\u2019une heure.<\/p>\n<p>Vid\u00e9os : en ce moment sur Actu<\/p>\n<p class=\" wall-content\">\n<p>Une soir\u00e9e \u00e9lectro<\/p>\n<p class=\" wall-content\">Un deuxi\u00e8me temps fort musical est organis\u00e9 durant le festival, cette fois-ci tourn\u00e9e vers l\u2019\u00e9lectro, <strong>vendredi 30\u00a0mai.\u00a0<\/strong>Au programme, Ellen Allien, Mac Declos et Pureblast.<\/p>\n<p><strong>Infos pratiques\u2009:<\/strong><br \/>\nEuphoria Nantes Festival, du 22 au 31\u00a0mai 2025, \u00e0 Min de Rien, 2 rue du S\u00e9n\u00e9gal, \u00e0 Nantes. Programmation compl\u00e8te <a href=\"https:\/\/www.euphorianantes.fr\/\" target=\"_blank\" rel=\"noopener\">en cliquant ici<\/a>.<br \/>\nConcerts hip-hop, samedi 24\u00a0mai, de 18\u2009h \u00e0 0\u2009h. <a href=\"https:\/\/shotgun.live\/fr\/events\/fonky-family-bekar-mairo-nantes\" target=\"_blank\" rel=\"noopener\">Billetterie en ligne<\/a>.<br \/>\nSoir\u00e9e \u00e9lectro Paco Tyson, vendredi 30\u00a0mai, de 14\u2009h \u00e0 0\u2009h. <a href=\"https:\/\/shotgun.live\/fr\/events\/euphoria-paco-tyson-ellen-allien-mac-declos-pureblast?utm_source=linktree\" target=\"_blank\" rel=\"noopener\">Billetterie en ligne<\/a>.<\/p>\n<p class=\" wall-content\">Suivez toute l\u2019actualit\u00e9 de vos villes et m\u00e9dias favoris en vous inscrivant \u00e0 <a href=\"https:\/\/moncompte.actu.fr\" title=\"D\u00e9couvez Mon Actu\" rel=\"nofollow noopener\" data-trk=\"{&quot;cta&quot;:{&quot;action&quot;:&quot;https:\\\/\\\/moncompte.actu.fr&quot;,&quot;category&quot;:&quot;mon compte&quot;,&quot;from&quot;:&quot;article footer&quot;,&quot;name&quot;:&quot;Mon actu&quot;,&quot;type&quot;:&quot;cta&quot;}}\" target=\"_blank\">Mon Actu<\/a>.<\/p>\n","protected":false},"excerpt":{"rendered":"Par Cl\u00e9mence Pays Publi\u00e9 le 11 mai 2025 \u00e0 11h02 C\u2019est bient\u00f4t le top d\u00e9part pour la toute&hellip;\n","protected":false},"author":2,"featured_media":91490,"comment_status":"","ping_status":"","sticky":false,"template":"","format":"standard","meta":{"footnotes":""},"categories":[2818],"tags":[1111,11,1697,1777,674,1011,27,1652,766,12,2636,3616,25],"class_list":{"0":"post-91489","1":"post","2":"type-post","3":"status-publish","4":"format-standard","5":"has-post-thumbnail","7":"category-nantes","8":"tag-actu","9":"tag-actualites","10":"tag-concert","11":"tag-eu","12":"tag-europe","13":"tag-fr","14":"tag-france","15":"tag-loisirs-culture","16":"tag-nantes","17":"tag-news","18":"tag-pays-de-la-loire","19":"tag-rap","20":"tag-republique-francaise"},"share_on_mastodon":{"url":"https:\/\/pubeurope.com\/@fr\/114488534978561344","error":""},"_links":{"self":[{"href":"https:\/\/www.europesays.com\/fr\/wp-json\/wp\/v2\/posts\/91489","targetHints":{"allow":["GET"]}}],"collection":[{"href":"https:\/\/www.europesays.com\/fr\/wp-json\/wp\/v2\/posts"}],"about":[{"href":"https:\/\/www.europesays.com\/fr\/wp-json\/wp\/v2\/types\/post"}],"author":[{"embeddable":true,"href":"https:\/\/www.europesays.com\/fr\/wp-json\/wp\/v2\/users\/2"}],"replies":[{"embeddable":true,"href":"https:\/\/www.europesays.com\/fr\/wp-json\/wp\/v2\/comments?post=91489"}],"version-history":[{"count":0,"href":"https:\/\/www.europesays.com\/fr\/wp-json\/wp\/v2\/posts\/91489\/revisions"}],"wp:featuredmedia":[{"embeddable":true,"href":"https:\/\/www.europesays.com\/fr\/wp-json\/wp\/v2\/media\/91490"}],"wp:attachment":[{"href":"https:\/\/www.europesays.com\/fr\/wp-json\/wp\/v2\/media?parent=91489"}],"wp:term":[{"taxonomy":"category","embeddable":true,"href":"https:\/\/www.europesays.com\/fr\/wp-json\/wp\/v2\/categories?post=91489"},{"taxonomy":"post_tag","embeddable":true,"href":"https:\/\/www.europesays.com\/fr\/wp-json\/wp\/v2\/tags?post=91489"}],"curies":[{"name":"wp","href":"https:\/\/api.w.org\/{rel}","templated":true}]}}