{"id":91495,"date":"2025-05-11T09:41:11","date_gmt":"2025-05-11T09:41:11","guid":{"rendered":"https:\/\/www.europesays.com\/fr\/91495\/"},"modified":"2025-05-11T09:41:11","modified_gmt":"2025-05-11T09:41:11","slug":"girondins-ce-qui-se-passe-a-lyon-ca-me-rappelle-bordeaux","status":"publish","type":"post","link":"https:\/\/www.europesays.com\/fr\/91495\/","title":{"rendered":"Girondins : \u201cCe qui se passe \u00e0 Lyon, \u00e7a me rappelle Bordeaux\u201d"},"content":{"rendered":"<p><img decoding=\"async\" src=\"https:\/\/www.europesays.com\/fr\/wp-content\/uploads\/2025\/05\/671_0e173ffebc0b8e44c6558b23def6dacf.jpg\" alt=\"Girondins : \u201cCe qui se passe \u00e0 Lyon, \u00e7a me rappelle Bordeaux\u201d\" class=\"img-responsive mt-3\"\/><\/p>\n<p class=\"text-center mb-3\" style=\"font-size: 14px\">\u00a9 Iconsport<\/p>\n<p style=\"text-align: justify;\">Il exprime dans le Debrief \u00e0 Chaud du match face \u00e0 Granville une sinc\u00e8re inqui\u00e9tude pour l\u2019avenir du football fran\u00e7ais. D\u00e9couvrez son point de vue.<\/p>\n<p style=\"text-align: justify;\">\u00c9coutez ses propos :<\/p>\n<p>\u00a0<\/p>\n<p><strong>\u201cIl y a une inqui\u00e9tude g\u00e9n\u00e9rale autour du football fran\u00e7ais\u201d<\/strong><\/p>\n<p style=\"text-align: justify;\">Jonathan d\u2019Agostino dans le <a href=\"https:\/\/www.youtube.com\/watch?v=CnrdcfoyJFc&amp;t=388s\" target=\"_blank\" rel=\"noopener\">Debrief \u00e0 Chaud<\/a> : \u201cC&rsquo;est normal qu&rsquo;un club comme Bordeaux, qui fait partie du patrimoine du football fran\u00e7ais, reste suivi par ceux qui aiment le foot. Il y a de l&rsquo;inqui\u00e9tude par rapport \u00e0 l\u2019avenir du club, mais il y a surtout une inqui\u00e9tude g\u00e9n\u00e9rale autour du football fran\u00e7ais. Et Bordeaux en est le premier exemple d\u2019un club qui tombe. Je sens qu\u2019il va y avoir un gros changement dans les ann\u00e9es \u00e0 venir au niveau du foot fran\u00e7ais. Donc je pense que le cas Bordeaux int\u00e9resse parce que c&rsquo;est le premier cas d&rsquo;une probl\u00e9matique qui pourrait \u00eatre vou\u00e9e \u00e0 se multiplier tel un virus qui peut envahir le football fran\u00e7ais.<\/p>\n<p style=\"text-align: justify;\">Le probl\u00e8me c&rsquo;est que le football fran\u00e7ais a de moins en moins d&rsquo;argent et qu&rsquo;on l&rsquo;utilise toujours aussi mal. Quand on voit la plupart des propri\u00e9taires de clubs professionnels, il y a quand m\u00eame certains cas, qui font tr\u00e8s peur pour la suite, c&rsquo;est aussi logique, les gens observent un petit peu ce qui se passe \u00e0 Bordeaux. J&rsquo;avoue que ce qui se passe \u00e0 Lyon, \u00e7a me rappelle ce qui s&rsquo;est pass\u00e9 \u00e0 Bordeaux.\u201d<\/p>\n<p style=\"text-align: justify;\">ENTRETIEN :\u00a0<strong><a href=\"https:\/\/www.webgirondins.com\/actualite-girondins-girondins-de-bordeaux-le-temoignage-poignant-de-yannick-stopyra-sur-la-fin-du-centre-de-formation-129008\" target=\"_blank\" rel=\"noopener\">Le t\u00e9moignage poignant de Yannick Stopyra sur la fin du centre de formation<\/a><\/strong><\/p>\n<p style=\"text-align: justify;\">\u00a0<\/p>\n","protected":false},"excerpt":{"rendered":"\u00a9 Iconsport Il exprime dans le Debrief \u00e0 Chaud du match face \u00e0 Granville une sinc\u00e8re inqui\u00e9tude pour&hellip;\n","protected":false},"author":2,"featured_media":91496,"comment_status":"","ping_status":"","sticky":false,"template":"","format":"standard","meta":{"footnotes":""},"categories":[2817],"tags":[1111,11,14172,1997,3721,5244,3136,10902,1777,674,3255,63,1011,27,6556,1987,7916,14171,20258,2428,12,2219,5242,5396,20260,20257,25,20259,1015],"class_list":{"0":"post-91495","1":"post","2":"type-post","3":"status-publish","4":"format-standard","5":"has-post-thumbnail","7":"category-bordeaux","8":"tag-actu","9":"tag-actualites","10":"tag-agostino","11":"tag-bordeaux","12":"tag-chroniqueur","13":"tag-club","14":"tag-cote","15":"tag-dont","16":"tag-eu","17":"tag-europe","18":"tag-fans","19":"tag-football","20":"tag-fr","21":"tag-france","22":"tag-general","23":"tag-girondins","24":"tag-interet","25":"tag-jonathan","26":"tag-justifie","27":"tag-lyon","28":"tag-news","29":"tag-nouvelle-aquitaine","30":"tag-passe","31":"tag-porte","32":"tag-precurseur","33":"tag-rappelle","34":"tag-republique-francaise","35":"tag-soulignant","36":"tag-supporter"},"share_on_mastodon":{"url":"https:\/\/pubeurope.com\/@fr\/114488546648988896","error":""},"_links":{"self":[{"href":"https:\/\/www.europesays.com\/fr\/wp-json\/wp\/v2\/posts\/91495","targetHints":{"allow":["GET"]}}],"collection":[{"href":"https:\/\/www.europesays.com\/fr\/wp-json\/wp\/v2\/posts"}],"about":[{"href":"https:\/\/www.europesays.com\/fr\/wp-json\/wp\/v2\/types\/post"}],"author":[{"embeddable":true,"href":"https:\/\/www.europesays.com\/fr\/wp-json\/wp\/v2\/users\/2"}],"replies":[{"embeddable":true,"href":"https:\/\/www.europesays.com\/fr\/wp-json\/wp\/v2\/comments?post=91495"}],"version-history":[{"count":0,"href":"https:\/\/www.europesays.com\/fr\/wp-json\/wp\/v2\/posts\/91495\/revisions"}],"wp:featuredmedia":[{"embeddable":true,"href":"https:\/\/www.europesays.com\/fr\/wp-json\/wp\/v2\/media\/91496"}],"wp:attachment":[{"href":"https:\/\/www.europesays.com\/fr\/wp-json\/wp\/v2\/media?parent=91495"}],"wp:term":[{"taxonomy":"category","embeddable":true,"href":"https:\/\/www.europesays.com\/fr\/wp-json\/wp\/v2\/categories?post=91495"},{"taxonomy":"post_tag","embeddable":true,"href":"https:\/\/www.europesays.com\/fr\/wp-json\/wp\/v2\/tags?post=91495"}],"curies":[{"name":"wp","href":"https:\/\/api.w.org\/{rel}","templated":true}]}}