{"id":91499,"date":"2025-05-11T09:43:17","date_gmt":"2025-05-11T09:43:17","guid":{"rendered":"https:\/\/www.europesays.com\/fr\/91499\/"},"modified":"2025-05-11T09:43:17","modified_gmt":"2025-05-11T09:43:17","slug":"j21-toulouse-lens-sur-ffftv","status":"publish","type":"post","link":"https:\/\/www.europesays.com\/fr\/91499\/","title":{"rendered":"J21 : Toulouse-Lens sur FFFtv"},"content":{"rendered":"<p>                                                              <img data-twic-src=\"https:\/\/www.europesays.com\/fr\/wp-content\/uploads\/2025\/05\/1746956597_89_9b063c9bb061461e452232b460797876.png\" data-credit=\"Victor ORGAER \/ FFF\" title=\"Victor ORGAER \/ FFF\" alt=\"Illustration Seconde Ligue\" class=\"block\"\/>                                        <\/p>\n<p style=\"font-weight: bold\">Le match Toulouse-Lens comptant pour la 21e journ\u00e9e de Seconde Ligue f\u00e9minine, sera \u00e0 suivre en direct sur FFFtv, ce dimanche 11 mai (15h00). <\/p>\n<p>La fin de l&rsquo;\u00e9dition 2024-2025 de la Seconde Ligue f\u00e9minine s&rsquo;annonce passionnante. Alors que deux journ\u00e9es restent \u00e0 jouer, trois \u00e9quipes &#8211; Lens, Marseille et Toulouse &#8211; vont se disputer les deux billets disponibles pour l&rsquo;accession en Arkema Premi\u00e8re Ligue. Et deux d&rsquo;entre elles s&rsquo;affrontent lors de la 21e journ\u00e9e, ce dimanche : le Toulouse FC re\u00e7oit en effet le RC Lens, au Stadium (15h00).<\/p>\n<p>Actuellement troisi\u00e8mes avec 37 points, les Violettes sont quasiment condamn\u00e9es \u00e0 la victoire face \u00e0 des Lensoises leaders du championnat avec 42 points, \u00e0 moins de compter sur un \u00e9ventuel faux-pas des Marseillaises (2es, 39 points) qui se d\u00e9placent \u00e0 Saint-Malo (5e), dans le m\u00eame temps. Tout cela en sachant que Phoc\u00e9ennes et Toulousaines auront ensuite rendez-vous \u00e0 l&rsquo;occasion de la 22e et derni\u00e8re journ\u00e9e du dimanche 18 mai, alors que les Lensoises seront&#8230; exemptes !\u00a0<\/p>\n<p style=\"text-align: center;\"><strong><a href=\"https:\/\/www.fff.fr\/article\/14695-l-incroyable-scenario.html\" target=\"_blank\" rel=\"noopener nofollow\">L&rsquo;incroyable sc\u00e9nario<\/a><\/strong><\/p>\n<p>La rencontre Toulouse-Lens est \u00e0 vivre en direct sur FFFtv et YouTube FFF ce dimanche 11 mai \u00e0 15h00.\u00a0<\/p>\n<p style=\"text-align: center;\"><strong><a href=\"https:\/\/www.fff.fr\/competition\/engagement\/425155-seconde-ligue\/phase\/1\/index.html\" target=\"_blank\" rel=\"noopener nofollow\">La Seconde Ligue F\u00e9minine sur FFF.FR<\/a><\/strong><\/p>\n<p>5<\/p>\n<p>Les trois \u00e9quipes de t\u00eate se tiennent en cinq points \u00e0 deux journ\u00e9es de la fin du championnat.<\/p>\n<p>1<\/p>\n<p>Leader, Lens joue son dernier match dimanche, alors que l&rsquo;OM et le T\u00e9f\u00e9c\u00e9 en ont encore deux.<\/p>\n<p>\u00a0<\/p>\n<p>J21 : le programme<\/p>\n<p class=\"light\">&#8211; Dimanche 11 mai 2025 :<\/p>\n<ul>\n<li class=\"light\">15h00 : US Saint-Malo &#8211; Olympique de Marseille<\/li>\n<li class=\"light\">15h00 : FC Metz &#8211; OGC Nice<\/li>\n<li class=\"light\">15h00 : Toulouse FC &#8211; RC Lens (en direct sur FFFtv)<\/li>\n<li class=\"light\">15h00 : Rodez AF &#8211; Thonon \u00c9vian GG FC<\/li>\n<li class=\"light\">15h00 : Le Mans FC &#8211; US Orl\u00e9ans LF<br \/>Exempt : LOSC Lille<\/li>\n<\/ul>\n<p>\u00a0<\/p>\n","protected":false},"excerpt":{"rendered":"Le match Toulouse-Lens comptant pour la 21e journ\u00e9e de Seconde Ligue f\u00e9minine, sera \u00e0 suivre en direct sur&hellip;\n","protected":false},"author":2,"featured_media":82857,"comment_status":"","ping_status":"","sticky":false,"template":"","format":"standard","meta":{"footnotes":""},"categories":[2816],"tags":[1111,11,1777,674,85,1011,27,12,2680,25,2312],"class_list":{"0":"post-91499","1":"post","2":"type-post","3":"status-publish","4":"format-standard","5":"has-post-thumbnail","7":"category-toulouse","8":"tag-actu","9":"tag-actualites","10":"tag-eu","11":"tag-europe","12":"tag-fff","13":"tag-fr","14":"tag-france","15":"tag-news","16":"tag-occitanie","17":"tag-republique-francaise","18":"tag-toulouse"},"share_on_mastodon":{"url":"https:\/\/pubeurope.com\/@fr\/114488554588796630","error":""},"_links":{"self":[{"href":"https:\/\/www.europesays.com\/fr\/wp-json\/wp\/v2\/posts\/91499","targetHints":{"allow":["GET"]}}],"collection":[{"href":"https:\/\/www.europesays.com\/fr\/wp-json\/wp\/v2\/posts"}],"about":[{"href":"https:\/\/www.europesays.com\/fr\/wp-json\/wp\/v2\/types\/post"}],"author":[{"embeddable":true,"href":"https:\/\/www.europesays.com\/fr\/wp-json\/wp\/v2\/users\/2"}],"replies":[{"embeddable":true,"href":"https:\/\/www.europesays.com\/fr\/wp-json\/wp\/v2\/comments?post=91499"}],"version-history":[{"count":0,"href":"https:\/\/www.europesays.com\/fr\/wp-json\/wp\/v2\/posts\/91499\/revisions"}],"wp:featuredmedia":[{"embeddable":true,"href":"https:\/\/www.europesays.com\/fr\/wp-json\/wp\/v2\/media\/82857"}],"wp:attachment":[{"href":"https:\/\/www.europesays.com\/fr\/wp-json\/wp\/v2\/media?parent=91499"}],"wp:term":[{"taxonomy":"category","embeddable":true,"href":"https:\/\/www.europesays.com\/fr\/wp-json\/wp\/v2\/categories?post=91499"},{"taxonomy":"post_tag","embeddable":true,"href":"https:\/\/www.europesays.com\/fr\/wp-json\/wp\/v2\/tags?post=91499"}],"curies":[{"name":"wp","href":"https:\/\/api.w.org\/{rel}","templated":true}]}}