{"id":91500,"date":"2025-05-11T09:44:07","date_gmt":"2025-05-11T09:44:07","guid":{"rendered":"https:\/\/www.europesays.com\/fr\/91500\/"},"modified":"2025-05-11T09:44:07","modified_gmt":"2025-05-11T09:44:07","slug":"le-film-multi-recompense-avatar-en-cine-concert-a-lille-en-2025","status":"publish","type":"post","link":"https:\/\/www.europesays.com\/fr\/91500\/","title":{"rendered":"le film multi-r\u00e9compens\u00e9 Avatar en cin\u00e9-concert \u00e0 Lille en 2025"},"content":{"rendered":"<p>            Par<br \/>\n        <strong><br \/>\n            <a href=\"https:\/\/actu.fr\/auteur\/amandine-vachez\" title=\"Consulter tous les articles de Amandine Vachez\" target=\"_blank\" rel=\"noopener\">Amandine Vachez<\/a><br \/>\n        <\/strong><\/p>\n<p>        Publi\u00e9 le<\/p>\n<p>            11 mai 2025 \u00e0 11h18        <\/p>\n<p>Cela s\u2019annonce comme un moment inoubliable ! Le<b> film Avatar, de James Cameron<\/b>, multi-r\u00e9compens\u00e9 et qui a souffl\u00e9 le public par la qualit\u00e9 de ses images \u00e0 sa sortie en 2009, sera pour la premi\u00e8re fois pr\u00e9sent\u00e9 en format<b> cin\u00e9-concert \u00e0 Lille<\/b> (Nord) en <b>2025.<\/b>\u00a0<\/p>\n<p>150 musiciens sur sc\u00e8ne pour jouer la musique de James Horner<\/p>\n<p class=\" wall-content\">Le chef-d\u2019\u0153uvre cin\u00e9matographique multi-r\u00e9compens\u00e9 sera <b>projet\u00e9 dans son int\u00e9gralit\u00e9 sur \u00e9cran g\u00e9ant HD.<\/b> \u00ab\u00a0Sur sc\u00e8ne, un orchestre symphonique complet, avec ch\u0153ur et musiciens traditionnels, interpr\u00e8tent en live la musique captivante de James Horner\u00a0\u00bb, annonce la production. Ils seront <b>150 pour sublimer la bande originale du film<\/b>,\u00a0qui aura marqu\u00e9 les spectateurs du monde entier.<\/p>\n<p class=\" wall-content\">Le rendez-vous est donn\u00e9 au <b>z\u00e9nith<\/b>, le <b>v<\/b><b>endredi 26 septembre.<\/b> Comptez entre 45 et 93 euros, pour une place. Pour plus d\u2019infos et acc\u00e9der aux r\u00e9servations, <a href=\"https:\/\/www.zenithdelille.com\/evenement\/avatar\/\" target=\"_blank\" rel=\"noopener\">c\u2019est par ici<\/a>.<\/p>\n<p class=\" wall-content\">Suivez toute l\u2019actualit\u00e9 de vos villes et m\u00e9dias favoris en vous inscrivant \u00e0 <a href=\"https:\/\/moncompte.actu.fr\" title=\"D\u00e9couvez Mon Actu\" rel=\"nofollow noopener\" data-trk=\"{&quot;cta&quot;:{&quot;action&quot;:&quot;https:\\\/\\\/moncompte.actu.fr&quot;,&quot;category&quot;:&quot;mon compte&quot;,&quot;from&quot;:&quot;article footer&quot;,&quot;name&quot;:&quot;Mon actu&quot;,&quot;type&quot;:&quot;cta&quot;}}\" target=\"_blank\">Mon Actu<\/a>.<\/p>\n","protected":false},"excerpt":{"rendered":"Par Amandine Vachez Publi\u00e9 le 11 mai 2025 \u00e0 11h18 Cela s\u2019annonce comme un moment inoubliable ! Le&hellip;\n","protected":false},"author":2,"featured_media":91501,"comment_status":"","ping_status":"","sticky":false,"template":"","format":"standard","meta":{"footnotes":""},"categories":[2815],"tags":[1111,11,650,1697,1777,674,1011,27,811,1307,1652,12,25,7268],"class_list":{"0":"post-91500","1":"post","2":"type-post","3":"status-publish","4":"format-standard","5":"has-post-thumbnail","7":"category-lille","8":"tag-actu","9":"tag-actualites","10":"tag-cinema","11":"tag-concert","12":"tag-eu","13":"tag-europe","14":"tag-fr","15":"tag-france","16":"tag-hauts-de-france","17":"tag-lille","18":"tag-loisirs-culture","19":"tag-news","20":"tag-republique-francaise","21":"tag-zenith-de-lille"},"share_on_mastodon":{"url":"https:\/\/pubeurope.com\/@fr\/114488558517465862","error":""},"_links":{"self":[{"href":"https:\/\/www.europesays.com\/fr\/wp-json\/wp\/v2\/posts\/91500","targetHints":{"allow":["GET"]}}],"collection":[{"href":"https:\/\/www.europesays.com\/fr\/wp-json\/wp\/v2\/posts"}],"about":[{"href":"https:\/\/www.europesays.com\/fr\/wp-json\/wp\/v2\/types\/post"}],"author":[{"embeddable":true,"href":"https:\/\/www.europesays.com\/fr\/wp-json\/wp\/v2\/users\/2"}],"replies":[{"embeddable":true,"href":"https:\/\/www.europesays.com\/fr\/wp-json\/wp\/v2\/comments?post=91500"}],"version-history":[{"count":0,"href":"https:\/\/www.europesays.com\/fr\/wp-json\/wp\/v2\/posts\/91500\/revisions"}],"wp:featuredmedia":[{"embeddable":true,"href":"https:\/\/www.europesays.com\/fr\/wp-json\/wp\/v2\/media\/91501"}],"wp:attachment":[{"href":"https:\/\/www.europesays.com\/fr\/wp-json\/wp\/v2\/media?parent=91500"}],"wp:term":[{"taxonomy":"category","embeddable":true,"href":"https:\/\/www.europesays.com\/fr\/wp-json\/wp\/v2\/categories?post=91500"},{"taxonomy":"post_tag","embeddable":true,"href":"https:\/\/www.europesays.com\/fr\/wp-json\/wp\/v2\/tags?post=91500"}],"curies":[{"name":"wp","href":"https:\/\/api.w.org\/{rel}","templated":true}]}}