{"id":91510,"date":"2025-05-11T09:49:11","date_gmt":"2025-05-11T09:49:11","guid":{"rendered":"https:\/\/www.europesays.com\/fr\/91510\/"},"modified":"2025-05-11T09:49:11","modified_gmt":"2025-05-11T09:49:11","slug":"info-actu-lyon-un-celebre-bar-ravage-par-un-incendie-sur-les-quais-les-images","status":"publish","type":"post","link":"https:\/\/www.europesays.com\/fr\/91510\/","title":{"rendered":"INFO ACTU LYON. Un c\u00e9l\u00e8bre bar ravag\u00e9 par un incendie sur les quais, les images"},"content":{"rendered":"<p>            Par<br \/>\n        <strong><br \/>\n            <a href=\"https:\/\/actu.fr\/auteur\/anthony-soudani\" title=\"Consulter tous les articles de Anthony Soudani\" rel=\"nofollow noopener\" target=\"_blank\">Anthony Soudani<\/a><br \/>\n        <\/strong><\/p>\n<p>        Publi\u00e9 le<\/p>\n<p>            11 mai 2025 \u00e0 11h40<br \/>\n        ; mis \u00e0 jour le 11 mai 2025 \u00e0 11h48    <\/p>\n<p><strong>INFO ACTU LYON.<\/strong> Un incendie a ravag\u00e9 une grande partie de la c\u00e9l\u00e8bre buvette Saint-Antoine, \u00e0 <a href=\"https:\/\/actu.fr\/lyon\/\" rel=\"nofollow noopener\" target=\"_blank\">Lyon<\/a>, dans la nuit du samedi 10 au dimanche 11 mai. Une toile, qui \u00e9tait en position terrasse, a pris feu, d\u2019apr\u00e8s les sapeurs-pompiers du Rh\u00f4ne.\u00a0<\/p>\n<p>    <a href=\"https:\/\/www.google.com\/maps\/embed?pb=!1m18!1m12!1m3!1d2783.5010495929205!2d4.828414174819792!3d45.76114791357895!2m3!1f0!2f0!3f0!3m2!1i1024!2i768!4f13.1!3m3!1m2!1s0x47f4ea54ee8c9533%3A0x713213fd3b07be16!2sBuvette%20Saint%20Antoine!5e0!3m2!1sfr!2sfr!4v1746956198179!5m2!1sfr!2sfr\" title=\"Ouvrie le lien\" rel=\"nofollow noopener\" target=\"_blank\">Cliquez ici pour visualiser le contenu<\/a><\/p>\n<p>Une grande partie de la buvette sinistr\u00e9e<\/p>\n<p class=\" wall-content\">Selon nos constatations sur place ce matin, l\u2019incendie a ravag\u00e9 une grosse partie de ce lieu tr\u00e8s connu sur le quai des C\u00e9lestins. Le bar offre notamment une belle vue sur la Sa\u00f4ne, Fourvi\u00e8re et le palais de justice du <a href=\"https:\/\/actu.fr\/auvergne-rhone-alpes\/lyon_69123\/lyon-apres-les-terreaux-cette-celebre-enseigne-gourmande-ouvre-une-nouvelle-boutique_62611221.html\" rel=\"nofollow noopener\" target=\"_blank\">Vieux-Lyon<\/a>.\u00a0<\/p>\n<p>      <img   decoding=\"async\" loading=\"lazy\" src=\"https:\/\/www.europesays.com\/fr\/wp-content\/uploads\/2025\/05\/buvette-saint-antoine-lyon-incendie-960x640.jpg\" alt=\"Une grande partie de la buvette Saint-Antoine a \u00e9t\u00e9 d\u00e9truite par les flammes.\" width=\"960\" height=\"640\"\/><br \/>\n    Une grande partie de la buvette Saint-Antoine a \u00e9t\u00e9 d\u00e9truite par les flammes. (\u00a9Mathias Souteyrat \/ actu Lyon)<\/p>\n<p class=\" wall-content\">Pour l\u2019heure, nous n\u2019avons pas connaissance de l\u2019origine de l\u2019incendie.<\/p>\n<p class=\" wall-content\"><strong>Plus d\u2019informations \u00e0 venir\u2026<\/strong><\/p>\n<p class=\" wall-content\">Suivez toute l\u2019actualit\u00e9 de vos villes et m\u00e9dias favoris en vous inscrivant \u00e0 <a href=\"https:\/\/moncompte.actu.fr\" title=\"D\u00e9couvez Mon Actu\" rel=\"nofollow noopener\" data-trk=\"{&quot;cta&quot;:{&quot;action&quot;:&quot;https:\\\/\\\/moncompte.actu.fr&quot;,&quot;category&quot;:&quot;mon compte&quot;,&quot;from&quot;:&quot;article footer&quot;,&quot;name&quot;:&quot;Mon actu&quot;,&quot;type&quot;:&quot;cta&quot;}}\" target=\"_blank\">Mon Actu<\/a>.<\/p>\n","protected":false},"excerpt":{"rendered":"Par Anthony Soudani Publi\u00e9 le 11 mai 2025 \u00e0 11h40 ; mis \u00e0 jour le 11 mai 2025&hellip;\n","protected":false},"author":2,"featured_media":91511,"comment_status":"","ping_status":"","sticky":false,"template":"","format":"standard","meta":{"footnotes":""},"categories":[1889],"tags":[1111,11,2430,1777,674,118,1011,27,1310,2428,12,25],"class_list":{"0":"post-91510","1":"post","2":"type-post","3":"status-publish","4":"format-standard","5":"has-post-thumbnail","7":"category-lyon","8":"tag-actu","9":"tag-actualites","10":"tag-auvergne-rhone-alpes","11":"tag-eu","12":"tag-europe","13":"tag-faits-divers","14":"tag-fr","15":"tag-france","16":"tag-incendie","17":"tag-lyon","18":"tag-news","19":"tag-republique-francaise"},"share_on_mastodon":{"url":"https:\/\/pubeurope.com\/@fr\/114488578144509474","error":""},"_links":{"self":[{"href":"https:\/\/www.europesays.com\/fr\/wp-json\/wp\/v2\/posts\/91510","targetHints":{"allow":["GET"]}}],"collection":[{"href":"https:\/\/www.europesays.com\/fr\/wp-json\/wp\/v2\/posts"}],"about":[{"href":"https:\/\/www.europesays.com\/fr\/wp-json\/wp\/v2\/types\/post"}],"author":[{"embeddable":true,"href":"https:\/\/www.europesays.com\/fr\/wp-json\/wp\/v2\/users\/2"}],"replies":[{"embeddable":true,"href":"https:\/\/www.europesays.com\/fr\/wp-json\/wp\/v2\/comments?post=91510"}],"version-history":[{"count":0,"href":"https:\/\/www.europesays.com\/fr\/wp-json\/wp\/v2\/posts\/91510\/revisions"}],"wp:featuredmedia":[{"embeddable":true,"href":"https:\/\/www.europesays.com\/fr\/wp-json\/wp\/v2\/media\/91511"}],"wp:attachment":[{"href":"https:\/\/www.europesays.com\/fr\/wp-json\/wp\/v2\/media?parent=91510"}],"wp:term":[{"taxonomy":"category","embeddable":true,"href":"https:\/\/www.europesays.com\/fr\/wp-json\/wp\/v2\/categories?post=91510"},{"taxonomy":"post_tag","embeddable":true,"href":"https:\/\/www.europesays.com\/fr\/wp-json\/wp\/v2\/tags?post=91510"}],"curies":[{"name":"wp","href":"https:\/\/api.w.org\/{rel}","templated":true}]}}