{"id":91512,"date":"2025-05-11T09:50:10","date_gmt":"2025-05-11T09:50:10","guid":{"rendered":"https:\/\/www.europesays.com\/fr\/91512\/"},"modified":"2025-05-11T09:50:10","modified_gmt":"2025-05-11T09:50:10","slug":"les-autoroutes-a1-et-a3-seront-partiellement-fermees-durant-plusieurs-nuits","status":"publish","type":"post","link":"https:\/\/www.europesays.com\/fr\/91512\/","title":{"rendered":"les autoroutes A1 et A3 seront partiellement ferm\u00e9es durant plusieurs nuits"},"content":{"rendered":"<p>            Par<br \/>\n        <strong><br \/>\n            <a href=\"https:\/\/actu.fr\/auteur\/antoine-grotteria02\" title=\"Consulter tous les articles de Antoine Grotteria\" target=\"_blank\" rel=\"noopener\">Antoine Grotteria<\/a><br \/>\n        <\/strong><\/p>\n<p>        Publi\u00e9 le<\/p>\n<p>            11 mai 2025 \u00e0 11h06        <\/p>\n<p>De <strong>nouvelles fermetures<\/strong> sur deux axes majeurs. Alors que les travaux de la ligne 17 du <a href=\"https:\/\/actu.fr\/tag\/grand-paris-express\" target=\"_blank\" rel=\"noopener\">Grand Paris Express<\/a> se poursuivent, la Direction des routes d\u2019\u00cele-de-France (DiRIF) informe que les <strong>autoroutes A1 et A3<\/strong> seront partiellement ferm\u00e9es en <a href=\"https:\/\/actu.fr\/ile-de-france\/seine-saint-denis_93\" target=\"_blank\" rel=\"noopener\">Seine-Saint-Denis<\/a> et dans le <a href=\"https:\/\/actu.fr\/la-gazette-du-val-d-oise\/\" target=\"_blank\" rel=\"noopener\">Val-d\u2019Oise<\/a> durant plusieurs nuits entre le <strong>mercredi 14 et le vendredi 23 mai 2025<\/strong>.\u00a0<\/p>\n<p>De possibles fermetures en juin<\/p>\n<p class=\" wall-content\">Ainsi, le tron\u00e7on entre <strong>Aulnay-sous-Bois<\/strong> et <strong>Chennevi\u00e8res-l\u00e8s-Louvres<\/strong>, situ\u00e9 sur l\u2019A1, sera ferm\u00e9 dans les deux sens du mercredi 14 au jeudi 15 mai, du jeudi 15 au vendredi 16 mai, et du lundi 19 au vendredi 23 mai de <strong>22 heures \u00e0 4h30<\/strong>. Aux m\u00eames dates et aux m\u00eames heures, sera interdit l\u2019acc\u00e8s \u00e0 l\u2019A3 entre <strong>Aulnay-sous-Bois <\/strong>et <strong>l\u2019a\u00e9roport Paris Charles-de-Gaulle<\/strong>.\u00a0La DiRIF indique que d\u2019autres fermetures, du 5 au 6 juin et du 10 au 13 juin, pourraient \u00eatre ordonn\u00e9es si les travaux n\u2019\u00e9taient pas achev\u00e9s.\u00a0<\/p>\n<p>      <img   decoding=\"async\" loading=\"lazy\" src=\"https:\/\/www.europesays.com\/fr\/wp-content\/uploads\/2025\/05\/fermeture-autoroutes-960x640.png\" alt=\"Les autoroutes A1 et A3 seront ferm\u00e9es durant plusieurs nuits en raison des travaux de la ligne 17 du Grand Paris Express. \" width=\"960\" height=\"640\"\/><br \/>\n    Les autoroutes A1 et A3 seront ferm\u00e9es durant plusieurs nuits en raison des travaux de la ligne 17 du Grand Paris Express. (\u00a9DiRIF)<\/p>\n<p class=\" wall-content\">Des trajets alternatifs sont recommand\u00e9s par la pr\u00e9fecture. Ainsi, pour contourner l\u2019A1 et l\u2019A3 en direction de Lille, il est possible d\u2019emprunter <strong>la d\u00e9viation vers l\u2019A104\/N2<\/strong> au niveau de Gonnesse. Cette route est \u00e9galement utilisable dans l\u2019autre sens, en direction de <a href=\"https:\/\/actu.fr\/paris\/\" target=\"_blank\" rel=\"noopener\">Paris<\/a>, au niveau d\u2019\u00c9piais-les-Louvres et de Roissy-en-France. La DiRIF enjoint \u00e9galement \u00e0 prendre la <strong>D317 <\/strong>puis <strong>la D170<\/strong>.\u00a0<\/p>\n<p class=\" wall-content\">Suivez toute l\u2019actualit\u00e9 de vos villes et m\u00e9dias favoris en vous inscrivant \u00e0 <a href=\"https:\/\/moncompte.actu.fr\" title=\"D\u00e9couvez Mon Actu\" rel=\"nofollow noopener\" data-trk=\"{&quot;cta&quot;:{&quot;action&quot;:&quot;https:\\\/\\\/moncompte.actu.fr&quot;,&quot;category&quot;:&quot;mon compte&quot;,&quot;from&quot;:&quot;article footer&quot;,&quot;name&quot;:&quot;Mon actu&quot;,&quot;type&quot;:&quot;cta&quot;}}\" target=\"_blank\">Mon Actu<\/a>.<\/p>\n","protected":false},"excerpt":{"rendered":"Par Antoine Grotteria Publi\u00e9 le 11 mai 2025 \u00e0 11h06 De nouvelles fermetures sur deux axes majeurs. Alors&hellip;\n","protected":false},"author":2,"featured_media":91513,"comment_status":"","ping_status":"","sticky":false,"template":"","format":"standard","meta":{"footnotes":""},"categories":[1592],"tags":[1111,11,9904,20264,3542,1777,674,1011,27,662,12,626,25,104],"class_list":{"0":"post-91512","1":"post","2":"type-post","3":"status-publish","4":"format-standard","5":"has-post-thumbnail","7":"category-ile-de-france","8":"tag-actu","9":"tag-actualites","10":"tag-autoroute-1-a1","11":"tag-autoroute-3-a3","12":"tag-circulation","13":"tag-eu","14":"tag-europe","15":"tag-fr","16":"tag-france","17":"tag-ile-de-france","18":"tag-news","19":"tag-paris","20":"tag-republique-francaise","21":"tag-societe"},"share_on_mastodon":{"url":"https:\/\/pubeurope.com\/@fr\/114488582056237581","error":""},"_links":{"self":[{"href":"https:\/\/www.europesays.com\/fr\/wp-json\/wp\/v2\/posts\/91512","targetHints":{"allow":["GET"]}}],"collection":[{"href":"https:\/\/www.europesays.com\/fr\/wp-json\/wp\/v2\/posts"}],"about":[{"href":"https:\/\/www.europesays.com\/fr\/wp-json\/wp\/v2\/types\/post"}],"author":[{"embeddable":true,"href":"https:\/\/www.europesays.com\/fr\/wp-json\/wp\/v2\/users\/2"}],"replies":[{"embeddable":true,"href":"https:\/\/www.europesays.com\/fr\/wp-json\/wp\/v2\/comments?post=91512"}],"version-history":[{"count":0,"href":"https:\/\/www.europesays.com\/fr\/wp-json\/wp\/v2\/posts\/91512\/revisions"}],"wp:featuredmedia":[{"embeddable":true,"href":"https:\/\/www.europesays.com\/fr\/wp-json\/wp\/v2\/media\/91513"}],"wp:attachment":[{"href":"https:\/\/www.europesays.com\/fr\/wp-json\/wp\/v2\/media?parent=91512"}],"wp:term":[{"taxonomy":"category","embeddable":true,"href":"https:\/\/www.europesays.com\/fr\/wp-json\/wp\/v2\/categories?post=91512"},{"taxonomy":"post_tag","embeddable":true,"href":"https:\/\/www.europesays.com\/fr\/wp-json\/wp\/v2\/tags?post=91512"}],"curies":[{"name":"wp","href":"https:\/\/api.w.org\/{rel}","templated":true}]}}