{"id":91520,"date":"2025-05-11T09:55:13","date_gmt":"2025-05-11T09:55:13","guid":{"rendered":"https:\/\/www.europesays.com\/fr\/91520\/"},"modified":"2025-05-11T09:55:13","modified_gmt":"2025-05-11T09:55:13","slug":"une-agente-ratp-enceinte-violemment-agressee-recoit-un-coup-de-pied-dans-le-ventre","status":"publish","type":"post","link":"https:\/\/www.europesays.com\/fr\/91520\/","title":{"rendered":"Une agente RATP enceinte violemment agress\u00e9e re\u00e7oit un coup de pied dans le ventre"},"content":{"rendered":"<p><strong>violences &#8211; L\u2019agente, enceinte de trois mois, et sa coll\u00e8gue \u00e9galement agress\u00e9e ont \u00e9t\u00e9 transport\u00e9es \u00e0 l\u2019h\u00f4pital<\/strong><\/p>\n<p>Dans la nuit de jeudi \u00e0 vendredi, deux agentes de la <a href=\"https:\/\/www.20minutes.fr\/dossier\/ratp?at_medium=RSS+feed&amp;at_campaign=ynews&amp;utm_source=yahoo&amp;utm_medium=rss&amp;utm_campaign=news_feed&amp;utm_content=in_article_link\" rel=\"nofollow noopener\" target=\"_blank\" data-ylk=\"slk:RATP;elm:context_link;itc:0;sec:content-canvas\" class=\"link \">RATP<\/a> ont \u00e9t\u00e9 prises \u00e0 partie par un homme au niveau de la station de m\u00e9tro Ch\u00e2telet-Les-Halles (1er arrondissement) \u00e0 <a href=\"https:\/\/www.20minutes.fr\/paris\/?at_medium=RSS+feed&amp;at_campaign=ynews&amp;utm_source=yahoo&amp;utm_medium=rss&amp;utm_campaign=news_feed&amp;utm_content=in_article_link\" rel=\"nofollow noopener\" target=\"_blank\" data-ylk=\"slk:Paris;elm:context_link;itc:0;sec:content-canvas\" class=\"link \">Paris<\/a> rapportent nos confr\u00e8res du <a href=\"https:\/\/www.leparisien.fr\/paris-75\/paris-une-agente-ratp-enceinte-violemment-agressee-par-un-homme-09-05-2025-KQDRBUQVJJFAJGTEJUEAJBDIKA.php?at_medium=RSS+feed&amp;at_campaign=ynews&amp;utm_source=yahoo&amp;utm_medium=rss&amp;utm_campaign=news_feed&amp;utm_content=in_article_link\" rel=\"nofollow noopener\" target=\"_blank\" data-ylk=\"slk:Parisien;elm:context_link;itc:0;sec:content-canvas\" class=\"link \">Parisien<\/a>.<\/p>\n<p>Selon une <a href=\"https:\/\/www.20minutes.fr\/dossier\/police?at_medium=RSS+feed&amp;at_campaign=ynews&amp;utm_source=yahoo&amp;utm_medium=rss&amp;utm_campaign=news_feed&amp;utm_content=in_article_link\" rel=\"nofollow noopener\" target=\"_blank\" data-ylk=\"slk:source polici\u00e8re;elm:context_link;itc:0;sec:content-canvas\" class=\"link \">source polici\u00e8re<\/a> cit\u00e9e par le quotidien, alors que les deux femmes fermaient l\u2019acc\u00e8s \u00e0 la station, l\u2019homme s\u2019est approch\u00e9 d\u2019elles avant de les frapper. Un acte de violence qui reste encore inexpliqu\u00e9e.<\/p>\n<p>L\u2019agente enceinte re\u00e7oit un coup de pied dans le ventre<\/p>\n<p>L\u2019une des deux agentes, enceinte de trois mois a re\u00e7u un coup de pied dans le ventre avant un second au niveau de la t\u00eate. La seconde agente a, elle, \u00e9t\u00e9 frapp\u00e9e \u00e0 la nuque.<\/p>\n<p>Les deux victimes ont \u00e9t\u00e9 transport\u00e9es \u00e0 l\u2019h\u00f4pital par les sapeurs-pompiers de Paris sans que leur pronostic vital ne soit engag\u00e9. Dans le m\u00eame temps, l\u2019agresseur a \u00e9t\u00e9 interpell\u00e9 par les <a href=\"https:\/\/www.20minutes.fr\/paris\/4142012-20250306-ratp-agente-menacee-licenciement-video-tiktok-cgt-denonce-vague-repression?at_medium=RSS+feed&amp;at_campaign=ynews&amp;utm_source=yahoo&amp;utm_medium=rss&amp;utm_campaign=news_feed&amp;utm_content=in_article_link\" rel=\"nofollow noopener\" target=\"_blank\" data-ylk=\"slk:agents du GPSR;elm:context_link;itc:0;sec:content-canvas\" class=\"link \">agents du GPSR<\/a> (S\u00fbret\u00e9 RATP) selon la r\u00e9gie de transport.<\/p>\n<p>La RATP indique au m\u00e9dia que les deux agentes ont port\u00e9 plainte et fait part de \u00ab\u00a0sa grande \u00e9motion et de son indignation face \u00e0 cet acte de violence\u00a0\u00bb, \u00ab\u00a0condamne avec la plus grande fermet\u00e9 cet acte de violence inacceptable (et) accompagne et soutient les deux agentes dans toutes leurs d\u00e9marches dont le d\u00e9p\u00f4t de plainte\u00a0\u00bb.<\/p>\n<p><a href=\"https:\/\/www.20minutes.fr\/faits_divers\/4152782-20250511-paris-agente-ratp-enceinte-violemment-agressee-recoit-coup-pied-ventre?at_medium=RSS+feed&amp;at_campaign=ynews&amp;utm_source=yahoo&amp;utm_medium=rss&amp;utm_campaign=news_feed&amp;utm_content=read_more_link&quot;\" rel=\"nofollow noopener\" target=\"_blank\" data-ylk=\"slk:Lire la suite sur 20minutes;elm:context_link;itc:0;sec:content-canvas\" class=\"link \">Lire la suite sur 20minutes<\/a><\/p>\n<p>\u00c0 lire aussi :<br \/><a href=\"https:\/\/www.20minutes.fr\/paris\/4142012-20250306-ratp-agente-menacee-licenciement-video-tiktok-cgt-denonce-vague-repression?at_medium=RSS+feed&amp;at_campaign=ynews&amp;utm_source=yahoo&amp;utm_medium=rss&amp;utm_campaign=news_feed&amp;utm_content=related_content_link\" rel=\"nofollow noopener\" target=\"_blank\" data-ylk=\"slk:RATP\u00a0: Une agente menac\u00e9e de licenciement pour une vid\u00e9o TikTok, la CGT d\u00e9nonce une vague de r\u00e9pression;elm:context_link;itc:0;sec:content-canvas\" class=\"link \">RATP\u00a0: Une agente menac\u00e9e de licenciement pour une vid\u00e9o TikTok, la CGT d\u00e9nonce une vague de r\u00e9pression<\/a><br \/><a href=\"https:\/\/www.20minutes.fr\/paris\/4152246-20250507-paris-regle-claire-peut-transporter-metro?at_medium=RSS+feed&amp;at_campaign=ynews&amp;utm_source=yahoo&amp;utm_medium=rss&amp;utm_campaign=news_feed&amp;utm_content=related_content_link\" rel=\"nofollow noopener\" target=\"_blank\" data-ylk=\"slk:Paris\u00a0: La r\u00e8gle n\u2019est pas claire sur ce que l\u2019on peut transporter ou pas dans le m\u00e9tro;elm:context_link;itc:0;sec:content-canvas\" class=\"link \">Paris\u00a0: La r\u00e8gle n\u2019est pas claire sur ce que l\u2019on peut transporter ou pas dans le m\u00e9tro<\/a><\/p>\n","protected":false},"excerpt":{"rendered":"violences &#8211; L\u2019agente, enceinte de trois mois, et sa coll\u00e8gue \u00e9galement agress\u00e9e ont \u00e9t\u00e9 transport\u00e9es \u00e0 l\u2019h\u00f4pital Dans&hellip;\n","protected":false},"author":2,"featured_media":91521,"comment_status":"","ping_status":"","sticky":false,"template":"","format":"standard","meta":{"footnotes":""},"categories":[1888],"tags":[20267,11,20268,20266,1777,674,1011,27,12,626,625,25],"class_list":{"0":"post-91520","1":"post","2":"type-post","3":"status-publish","4":"format-standard","5":"has-post-thumbnail","7":"category-paris","8":"tag-acte-de-violence","9":"tag-actualites","10":"tag-agente","11":"tag-enceinte-de-trois-mois","12":"tag-eu","13":"tag-europe","14":"tag-fr","15":"tag-france","16":"tag-news","17":"tag-paris","18":"tag-ratp","19":"tag-republique-francaise"},"share_on_mastodon":{"url":"https:\/\/pubeurope.com\/@fr\/114488601716565049","error":""},"_links":{"self":[{"href":"https:\/\/www.europesays.com\/fr\/wp-json\/wp\/v2\/posts\/91520","targetHints":{"allow":["GET"]}}],"collection":[{"href":"https:\/\/www.europesays.com\/fr\/wp-json\/wp\/v2\/posts"}],"about":[{"href":"https:\/\/www.europesays.com\/fr\/wp-json\/wp\/v2\/types\/post"}],"author":[{"embeddable":true,"href":"https:\/\/www.europesays.com\/fr\/wp-json\/wp\/v2\/users\/2"}],"replies":[{"embeddable":true,"href":"https:\/\/www.europesays.com\/fr\/wp-json\/wp\/v2\/comments?post=91520"}],"version-history":[{"count":0,"href":"https:\/\/www.europesays.com\/fr\/wp-json\/wp\/v2\/posts\/91520\/revisions"}],"wp:featuredmedia":[{"embeddable":true,"href":"https:\/\/www.europesays.com\/fr\/wp-json\/wp\/v2\/media\/91521"}],"wp:attachment":[{"href":"https:\/\/www.europesays.com\/fr\/wp-json\/wp\/v2\/media?parent=91520"}],"wp:term":[{"taxonomy":"category","embeddable":true,"href":"https:\/\/www.europesays.com\/fr\/wp-json\/wp\/v2\/categories?post=91520"},{"taxonomy":"post_tag","embeddable":true,"href":"https:\/\/www.europesays.com\/fr\/wp-json\/wp\/v2\/tags?post=91520"}],"curies":[{"name":"wp","href":"https:\/\/api.w.org\/{rel}","templated":true}]}}