{"id":91526,"date":"2025-05-11T09:58:08","date_gmt":"2025-05-11T09:58:08","guid":{"rendered":"https:\/\/www.europesays.com\/fr\/91526\/"},"modified":"2025-05-11T09:58:08","modified_gmt":"2025-05-11T09:58:08","slug":"en-quoi-vont-consister-les-nouveaux-pourparlers-entre-liran-et-les-etats-unis-a-oman","status":"publish","type":"post","link":"https:\/\/www.europesays.com\/fr\/91526\/","title":{"rendered":"en quoi vont consister les nouveaux pourparlers entre l\u2019Iran et les \u00c9tats-Unis \u00e0 Oman ?"},"content":{"rendered":"<p>Ce dimanche 11\u00a0mai 2025, des responsables iraniens et am\u00e9ricains se retrouvent \u00e0 Oman pour de nouvelles <a target=\"_self\" href=\"https:\/\/www.lanouvellerepublique.fr\/a-la-une\/nucleaire-washington-et-teheran-echangent-des-mises-en-garde-avant-des-pourparlers-a-oman-1744323047\" rel=\"nofollow noopener\">n\u00e9gociations sur le programme nucl\u00e9aire de T\u00e9h\u00e9ran<\/a>, apr\u00e8s une opposition croissante \u00e0 l\u2019enrichissement de l\u2019uranium iranien exprim\u00e9e par des dirigeants am\u00e9ricains.<\/p>\n<p>\u00ab\u00a0Nous avons eu de nouvelles consultations ce matin \u00e0 T\u00e9h\u00e9ran et, lors de ce cycle, nous esp\u00e9rons parvenir \u00e0 un moment d\u00e9cisif\u00a0\u00bb, a d\u00e9clar\u00e9 le ministre iranien des Affaires \u00e9trang\u00e8res, Abbas Araghchi, dans une vid\u00e9o avant son d\u00e9part pour Mascate, \u00e0 Oman. Il a par ailleurs affirm\u00e9 que le droit de l\u2019Iran \u00e0 l\u2019enrichissement d\u2019uranium \u00e9tait \u00ab\u00a0non n\u00e9gociable\u00a0\u00bb. \u00ab\u00a0La capacit\u00e9 d\u2019enrichissement est l\u2019un des honneurs et des acquis de la nation iranienne\u00a0\u00bb, a-t-il averti.<\/p>\n<p>L\u2019Iran compte r\u00e9clamer <a target=\"_self\" href=\"https:\/\/www.lanouvellerepublique.fr\/a-la-une\/nucleaire-iranien-la-chine-la-russie-et-l-iran-appellent-a-la-fin-des-sanctions-1741969499\" rel=\"nofollow noopener\">la lev\u00e9e des sanctions<\/a> ainsi que la reconnaissance de son droit \u00e0 l\u2019\u00e9nergie nucl\u00e9aire \u00e0 des fins pacifiques lors de ce quatri\u00e8me cycle de pourparlers avec les \u00c9tats-Unis. \u00ab\u00a0La d\u00e9l\u00e9gation [\u2026] ne m\u00e9nagera aucun effort pour d\u00e9fendre les int\u00e9r\u00eats de la nation iranienne et pr\u00e9server nos pr\u00e9cieuses avanc\u00e9es dans le domaine de l\u2019\u00e9nergie nucl\u00e9aire pacifique, tout en \u0153uvrant \u00e0 la lev\u00e9e des sanctions\u00a0\u00bb, a d\u00e9clar\u00e9 le porte-parole du minist\u00e8re des Affaires \u00e9trang\u00e8res, Esmaeil Baqaei.<\/p>\n<p>\u00ab\u00a0Sur la bonne voie\u00a0\u00bb<\/p>\n<p>L\u2019Iran et les \u00c9tats-Unis, qui n\u2019ont plus de relations diplomatiques depuis 1980, <a target=\"_self\" href=\"https:\/\/www.lanouvellerepublique.fr\/a-la-une\/nucleaire-iranien-les-etats-unis-et-l-iran-entament-d-importantes-discussions-samedi-en-oman-1744447187\" rel=\"nofollow noopener\">ont tenu depuis le 12\u00a0avril trois sessions de pourparlers<\/a> sur l\u2019\u00e9pineux dossier du nucl\u00e9aire iranien sous la m\u00e9diation d\u2019Oman.<\/p>\n<p>Comme lors des pr\u00e9c\u00e9dentes rencontres, la d\u00e9l\u00e9gation am\u00e9ricaine sera men\u00e9e par l\u2019\u00e9missaire pour le Moyen-Orient, Steve Witkoff, et c\u00f4t\u00e9 iranien, le chef de la diplomatie, Abbas Araghchi, dirigera les n\u00e9gociations. Vendredi, celui-ci\u00a0a fait \u00e9tat de \u00ab\u00a0progr\u00e8s\u00a0\u00bb dans les pr\u00e9c\u00e9dentes discussions. \u00ab\u00a0Plus nous avan\u00e7ons, plus nous avons besoin de consultations et d\u2019examens, et plus les d\u00e9l\u00e9gations ont besoin de temps pour examiner les questions soulev\u00e9es\u00a0\u00bb, a-t-il indiqu\u00e9.<\/p>\n<p>De son c\u00f4t\u00e9, le vice-pr\u00e9sident des \u00c9tats-Unis, J.D. Vance, a estim\u00e9 mercredi que ces n\u00e9gociations \u00e9taient sur la \u00ab\u00a0<a target=\"_self\" href=\"https:\/\/www.lanouvellerepublique.fr\/a-la-une\/nucleaire-iranien-de-premiers-pourparlers-juges-constructifs-entre-les-etats-unis-et-l-iran-1744474725\" rel=\"nofollow noopener\">bonne voie<\/a>\u00a0\u00bb.<\/p>\n<p>L\u2019objectif d\u2019un nouvel accord<\/p>\n<p>Les pourparlers entre l\u2019Iran et les \u00c9tats-Unis visent \u00e0 conclure un nouvel accord cens\u00e9 emp\u00eacher l\u2019Iran de se doter de l\u2019arme atomique, une ambition que T\u00e9h\u00e9ran a toujours ni\u00e9 avoir, insistant sur le fait que son programme nucl\u00e9aire est destin\u00e9 \u00e0 des fins civiles. En \u00e9change\u00a0: une lev\u00e9e des sanctions qui paralysent son \u00e9conomie.<\/p>\n<p>Un accord conclu en 2015 entre l\u2019Iran et les grandes puissances pour\u00a0encadrer son programme nucl\u00e9aire en \u00e9change d\u2019une lev\u00e9e des sanctions internationales impos\u00e9es \u00e0 T\u00e9h\u00e9ran est devenu caduc apr\u00e8s le retrait des \u00c9tats-Unis en 2018, pendant le premier mandat du pr\u00e9sident Donald Trump.<\/p>\n<p>L\u2019Iran enrichit actuellement l\u2019uranium \u00e0 60\u00a0%, bien au-del\u00e0 de la limite de 3,67\u00a0% fix\u00e9e par l\u2019accord de 2015, alors qu\u2019un taux de 90\u00a0% est n\u00e9cessaire pour un usage militaire. Ses stocks de mati\u00e8re fissile sont\u00a0une source d\u2019inqui\u00e9tude pour les puissances occidentales.<\/p>\n<p>Dans un entretien diffus\u00e9 vendredi, Steve Witkoff a d\u00e9clar\u00e9 que l\u2019administration Trump s\u2019opposerait \u00e0 tout enrichissement, apr\u00e8s avoir initialement sugg\u00e9r\u00e9 une flexibilit\u00e9 concernant le maintien par T\u00e9h\u00e9ran d\u2019un enrichissement \u00e0 faible \u00e9chelle de l\u2019uranium \u00e0 des fins civiles. \u00ab\u00a0Cela signifie d\u00e9mant\u00e8lement [\u2026] de leurs trois installations d\u2019enrichissement\u00a0\u00bb, a-t-il d\u00e9clar\u00e9 au m\u00e9dia conservateur Breitbart News. Si les pourparlers n\u2019aboutissent pas, \u00ab\u00a0ils ne continueront pas et nous devrons emprunter une autre voie\u00a0\u00bb, a-t-il ajout\u00e9.<\/p>\n<p><strong>Avec AFP<\/strong><\/p>\n","protected":false},"excerpt":{"rendered":"Ce dimanche 11\u00a0mai 2025, des responsables iraniens et am\u00e9ricains se retrouvent \u00e0 Oman pour de nouvelles n\u00e9gociations sur&hellip;\n","protected":false},"author":2,"featured_media":91527,"comment_status":"","ping_status":"","sticky":false,"template":"","format":"standard","meta":{"footnotes":""},"categories":[1589],"tags":[328,11,73,1866,329,3019,74,12,5654,316,1864,1865,1863,308],"class_list":{"0":"post-91526","1":"post","2":"type-post","3":"status-publish","4":"format-standard","5":"has-post-thumbnail","7":"category-etats-unis","8":"tag-a-la-une","9":"tag-actualites","10":"tag-etats-unis","11":"tag-etats-unis-damerique","12":"tag-france-monde","13":"tag-iran","14":"tag-monde","15":"tag-news","16":"tag-nucleaire","17":"tag-politique","18":"tag-united-states","19":"tag-united-states-of-america","20":"tag-us","21":"tag-usa"},"share_on_mastodon":{"url":"https:\/\/pubeurope.com\/@fr\/114488613528338849","error":""},"_links":{"self":[{"href":"https:\/\/www.europesays.com\/fr\/wp-json\/wp\/v2\/posts\/91526","targetHints":{"allow":["GET"]}}],"collection":[{"href":"https:\/\/www.europesays.com\/fr\/wp-json\/wp\/v2\/posts"}],"about":[{"href":"https:\/\/www.europesays.com\/fr\/wp-json\/wp\/v2\/types\/post"}],"author":[{"embeddable":true,"href":"https:\/\/www.europesays.com\/fr\/wp-json\/wp\/v2\/users\/2"}],"replies":[{"embeddable":true,"href":"https:\/\/www.europesays.com\/fr\/wp-json\/wp\/v2\/comments?post=91526"}],"version-history":[{"count":0,"href":"https:\/\/www.europesays.com\/fr\/wp-json\/wp\/v2\/posts\/91526\/revisions"}],"wp:featuredmedia":[{"embeddable":true,"href":"https:\/\/www.europesays.com\/fr\/wp-json\/wp\/v2\/media\/91527"}],"wp:attachment":[{"href":"https:\/\/www.europesays.com\/fr\/wp-json\/wp\/v2\/media?parent=91526"}],"wp:term":[{"taxonomy":"category","embeddable":true,"href":"https:\/\/www.europesays.com\/fr\/wp-json\/wp\/v2\/categories?post=91526"},{"taxonomy":"post_tag","embeddable":true,"href":"https:\/\/www.europesays.com\/fr\/wp-json\/wp\/v2\/tags?post=91526"}],"curies":[{"name":"wp","href":"https:\/\/api.w.org\/{rel}","templated":true}]}}