{"id":91532,"date":"2025-05-11T10:01:09","date_gmt":"2025-05-11T10:01:09","guid":{"rendered":"https:\/\/www.europesays.com\/fr\/91532\/"},"modified":"2025-05-11T10:01:09","modified_gmt":"2025-05-11T10:01:09","slug":"exclusif-liran-est-pret-a-tourner-la-page-avec-leurope","status":"publish","type":"post","link":"https:\/\/www.europesays.com\/fr\/91532\/","title":{"rendered":"EXCLUSIF. \u00ab L\u2019Iran est pr\u00eat \u00e0 tourner la page avec l\u2019Europe \u00bb"},"content":{"rendered":"<p>Un si\u00e8cle apr\u00e8s que la Grande-Bretagne et la France ont trac\u00e9 les fronti\u00e8res modernes du Moyen-Orient, l&rsquo;Europe se trouve de plus en plus absente de l&rsquo;avenir diplomatique de la r\u00e9gion. Au cours des discussions critiques \u2013 y compris les <a class=\"link \" href=\"https:\/\/www.lepoint.fr\/monde\/nucleaire-iranien-beaucoup-pensaient-que-l-iran-ne-negocierait-pas-avec-trump-15-04-2025-2587330_24.php\" rel=\"nofollow noopener\" target=\"_blank\" data-ylk=\"slk:n\u00e9gociations indirectes en cours entre l&#039;Iran et les \u00c9tats-Unis;elm:context_link;itc:0;sec:content-canvas\">n\u00e9gociations indirectes en cours entre l&rsquo;Iran et les \u00c9tats-Unis<\/a> \u2013, les diplomates europ\u00e9ens ne jouent souvent gu\u00e8re plus qu&rsquo;un r\u00f4le d&rsquo;observateurs passifs. Le pass\u00e9 colonial est d\u00e9sormais derri\u00e8re nous, mais l&rsquo;inertie actuelle de l&rsquo;Europe, fruit de ses propres choix strat\u00e9giques, nuit \u00e0 toutes les parties.<\/p>\n<p>Lorsque le pr\u00e9sident am\u00e9ricain Donald Trump s&rsquo;est retir\u00e9 unilat\u00e9ralement du Plan d&rsquo;action global conjoint (JCPOA) de\u00a02015\u00a0\u2013 un accord nucl\u00e9aire sign\u00e9 par l&rsquo;Iran et six grandes puissances, dont la Grande-Bretagne, la France et l&rsquo;Allemagne \u2013, le moment appelait \u00e0 une fermet\u00e9 europ\u00e9enne. Le ministre fran\u00e7ais de l&rsquo;\u00c9conomie et des Finances de l&rsquo;\u00e9poque, Bruno Le\u00a0Maire, avait alors d\u00e9clar\u00e9 que l&rsquo;Europe ne serait pas un \u00ab\u00a0vassal\u00a0\u00bb de Washington. Pourtant, dans les faits, le groupe E3 (Royaume-Uni, France, Allemagne) n&rsquo;a pas \u00e9t\u00e9 \u00e0 la hauteur. Les avantages \u00e9conomiques promis dans le cadre du JCPOA ne se sont jamais mat\u00e9rialis\u00e9s, les entreprises europ\u00e9ennes ayant pr\u00e9f\u00e9r\u00e9 se conformer aux sanctions am\u00e9ricaines plut\u00f4t que de respecter les engagements de leur gouvernement.<\/p>\n<p>Le m\u00eame sch\u00e9ma d\u2019ind\u00e9cisions strat\u00e9gique se r\u00e9p\u00e8te.<\/p>\n<p>Aujourd&rsquo;hui, le m\u00eame sch\u00e9ma d&rsquo;ind\u00e9cision strat\u00e9gique se r\u00e9p\u00e8te, plus pr\u00e8s de chez nous, o\u00f9 Washington traite avec Mo [&#8230;] <a href=\"https:\/\/www.lepoint.fr\/monde\/exclusif-seyyed-abbas-araghchi-l-iran-est-pret-a-tourner-la-page-avec-l-europe-11-05-2025-2589293_24.php\" rel=\"nofollow noopener\" target=\"_blank\" data-ylk=\"slk:Lire la suite;elm:context_link;itc:0;sec:content-canvas\" class=\"link \">Lire la suite<\/a><\/p>\n","protected":false},"excerpt":{"rendered":"Un si\u00e8cle apr\u00e8s que la Grande-Bretagne et la France ont trac\u00e9 les fronti\u00e8res modernes du Moyen-Orient, l&rsquo;Europe se&hellip;\n","protected":false},"author":2,"featured_media":91533,"comment_status":"","ping_status":"","sticky":false,"template":"","format":"standard","meta":{"footnotes":""},"categories":[1586],"tags":[11,11946,75,1777,674,1011,27,5072,1808,20269,12,25],"class_list":{"0":"post-91532","1":"post","2":"type-post","3":"status-publish","4":"format-standard","5":"has-post-thumbnail","7":"category-europe","8":"tag-actualites","9":"tag-bruno-le-maire","10":"tag-donald-trump","11":"tag-eu","12":"tag-europe","13":"tag-fr","14":"tag-france","15":"tag-grande-bretagne","16":"tag-leurope","17":"tag-leconomie-et-des-finances","18":"tag-news","19":"tag-republique-francaise"},"share_on_mastodon":{"url":"https:\/\/pubeurope.com\/@fr\/114488625252495313","error":""},"_links":{"self":[{"href":"https:\/\/www.europesays.com\/fr\/wp-json\/wp\/v2\/posts\/91532","targetHints":{"allow":["GET"]}}],"collection":[{"href":"https:\/\/www.europesays.com\/fr\/wp-json\/wp\/v2\/posts"}],"about":[{"href":"https:\/\/www.europesays.com\/fr\/wp-json\/wp\/v2\/types\/post"}],"author":[{"embeddable":true,"href":"https:\/\/www.europesays.com\/fr\/wp-json\/wp\/v2\/users\/2"}],"replies":[{"embeddable":true,"href":"https:\/\/www.europesays.com\/fr\/wp-json\/wp\/v2\/comments?post=91532"}],"version-history":[{"count":0,"href":"https:\/\/www.europesays.com\/fr\/wp-json\/wp\/v2\/posts\/91532\/revisions"}],"wp:featuredmedia":[{"embeddable":true,"href":"https:\/\/www.europesays.com\/fr\/wp-json\/wp\/v2\/media\/91533"}],"wp:attachment":[{"href":"https:\/\/www.europesays.com\/fr\/wp-json\/wp\/v2\/media?parent=91532"}],"wp:term":[{"taxonomy":"category","embeddable":true,"href":"https:\/\/www.europesays.com\/fr\/wp-json\/wp\/v2\/categories?post=91532"},{"taxonomy":"post_tag","embeddable":true,"href":"https:\/\/www.europesays.com\/fr\/wp-json\/wp\/v2\/tags?post=91532"}],"curies":[{"name":"wp","href":"https:\/\/api.w.org\/{rel}","templated":true}]}}