{"id":915462,"date":"2026-05-06T17:21:39","date_gmt":"2026-05-06T17:21:39","guid":{"rendered":"https:\/\/www.europesays.com\/fr\/915462\/"},"modified":"2026-05-06T17:21:39","modified_gmt":"2026-05-06T17:21:39","slug":"vaneck-renforce-son-equipe-etf-en-europe","status":"publish","type":"post","link":"https:\/\/www.europesays.com\/fr\/915462\/","title":{"rendered":"VanEck renforce son \u00e9quipe ETF en Europe"},"content":{"rendered":"<p><a class=\"Link \" href=\"https:\/\/www.agefi.fr\/etf\/vaneck-lance-un-etf-dividendes-hors-etats-unis\" data-cms-ai=\"0\" rel=\"nofollow noopener\" target=\"_blank\">Van Eck<\/a> a nomm\u00e9 Seb de Feiter au poste de chef de produit senior afin de renforcer son \u00e9quipe ETF en Europe. Bas\u00e9 \u00e0 Amsterdam, il sera charg\u00e9 d\u2019am\u00e9liorer le d\u00e9veloppement de la gamme de fonds cot\u00e9s (ETF) au sein du Vieux Continent.<\/p>\n<p>Avec ses nouvelles fonctions, Seb de Feiter succ\u00e8de notamment \u00e0 Kamil Sudiyarov, qui a quitt\u00e9 le gestionnaire d\u2019actifs am\u00e9ricain <a class=\"Link \" href=\"https:\/\/www.agefi.fr\/etf\/wisdomtree-recrute-un-responsable-pour-le-developpement-produit\" data-cms-ai=\"0\" rel=\"nofollow noopener\" target=\"_blank\">en novembre dernier pour rejoindre WisdomTree.<\/a><\/p>\n<p class=\"Readmore\">\n<p>        A lire aussi:<\/p>\n<p>            <a class=\"Readmore-link \" href=\"https:\/\/www.agefi.fr\/asset-management\/people\/jan-van-eck-les-mutual-funds-vont-progressivement-disparaitre-aux-etats-unis-au-profit-des-etf\" data-cms-ai=\"0\" rel=\"nofollow noopener\" target=\"_blank\">Jan van Eck : \u00ab Les mutual funds vont progressivement dispara\u00eetre aux Etats-Unis, au profit des ETF \u00bb<\/a><\/p>\n<p>Depuis le d\u00e9but de l\u2019ann\u00e9e, <a class=\"Link \" href=\"https:\/\/www.agefi.fr\/asset-management\/actualites\/letf-dividend-leaders-de-vaneck-franchit-le-cap-des-6-milliards-deuros-dencours\" data-cms-ai=\"0\" rel=\"nofollow noopener\" target=\"_blank\">Van Eck<\/a> a proc\u00e9d\u00e9 \u00e0 de nombreux recrutements pour ses \u00e9quipes en Europe avec l\u2019arriv\u00e9e de Norbert van Veldhuizen comme responsable de la gestion produit et Tolga \u00d6zkan dans l\u2019\u00e9quipe commerciale.<\/p>\n<p>Auparavant, Seb de Feiter a pass\u00e9 plus de quatre ans chez le gestionnaire n\u00e9erlandais Dasym en qualit\u00e9 de g\u00e9rant des actions th\u00e9matiques avant de devenir directeur des investissements. Avant cela, il avait pass\u00e9 trois ans comme analyste de cr\u00e9dit high yield chez Aegon AM, mais \u00e9galement analyste Corporate Finance chez ING.<\/p>\n","protected":false},"excerpt":{"rendered":"Van Eck a nomm\u00e9 Seb de Feiter au poste de chef de produit senior afin de renforcer son&hellip;\n","protected":false},"author":2,"featured_media":915463,"comment_status":"","ping_status":"","sticky":false,"template":"","format":"standard","meta":{"footnotes":"","_share_on_mastodon":"0"},"categories":[1586],"tags":[11,2302,1777,674,1011,27,12,9350,25],"class_list":["post-915462","post","type-post","status-publish","format-standard","has-post-thumbnail","category-europe","tag-actualites","tag-etf","tag-eu","tag-europe","tag-fr","tag-france","tag-news","tag-nominations","tag-republique-francaise"],"share_on_mastodon":{"url":"https:\/\/pubeurope.com\/@fr\/116528787366187407","error":""},"_links":{"self":[{"href":"https:\/\/www.europesays.com\/fr\/wp-json\/wp\/v2\/posts\/915462","targetHints":{"allow":["GET"]}}],"collection":[{"href":"https:\/\/www.europesays.com\/fr\/wp-json\/wp\/v2\/posts"}],"about":[{"href":"https:\/\/www.europesays.com\/fr\/wp-json\/wp\/v2\/types\/post"}],"author":[{"embeddable":true,"href":"https:\/\/www.europesays.com\/fr\/wp-json\/wp\/v2\/users\/2"}],"replies":[{"embeddable":true,"href":"https:\/\/www.europesays.com\/fr\/wp-json\/wp\/v2\/comments?post=915462"}],"version-history":[{"count":0,"href":"https:\/\/www.europesays.com\/fr\/wp-json\/wp\/v2\/posts\/915462\/revisions"}],"wp:featuredmedia":[{"embeddable":true,"href":"https:\/\/www.europesays.com\/fr\/wp-json\/wp\/v2\/media\/915463"}],"wp:attachment":[{"href":"https:\/\/www.europesays.com\/fr\/wp-json\/wp\/v2\/media?parent=915462"}],"wp:term":[{"taxonomy":"category","embeddable":true,"href":"https:\/\/www.europesays.com\/fr\/wp-json\/wp\/v2\/categories?post=915462"},{"taxonomy":"post_tag","embeddable":true,"href":"https:\/\/www.europesays.com\/fr\/wp-json\/wp\/v2\/tags?post=915462"}],"curies":[{"name":"wp","href":"https:\/\/api.w.org\/{rel}","templated":true}]}}