{"id":91551,"date":"2025-05-11T10:13:10","date_gmt":"2025-05-11T10:13:10","guid":{"rendered":"https:\/\/www.europesays.com\/fr\/91551\/"},"modified":"2025-05-11T10:13:10","modified_gmt":"2025-05-11T10:13:10","slug":"direct-tro-bro-leon-le-depart-fictif-a-ete-donne-sous-la-pluie-a-lannilis","status":"publish","type":"post","link":"https:\/\/www.europesays.com\/fr\/91551\/","title":{"rendered":"DIRECT &#8211; Tro Bro Leon : le d\u00e9part fictif a \u00e9t\u00e9 donn\u00e9 sous la pluie \u00e0 Lannilis"},"content":{"rendered":"<p>Le 11 mai 2025 \u00e0 09h27, modifi\u00e9 le 11 mai 2025 \u00e0 12h09<\/p>\n<p class=\"tlg-h5\">Avec la pr\u00e9sence de huit \u00e9quipes World Tour, le Tro Bro Leon 2025, organis\u00e9e dimanche 11 mai, pour sa 41e \u00e9dition, s&rsquo;annonce tr\u00e8s relev\u00e9 avec notamment la pr\u00e9sence de Matej Mohoric, mais aussi Valentin Madouas et Biniam Girmay. Suivez le direct de la course.<\/p>\n<p><img fetchpriority=\"high\" decoding=\"async\" src=\"https:\/\/www.europesays.com\/fr\/wp-content\/uploads\/2025\/05\/6820742fc54d3813660a46f3.1.jpeg\" width=\"960\" height=\"600\" class=\"web_golden_xl\" loading=\"eager\" alt=\"La pluie s'abat sur Lannilis.\"\/>La pluie s&rsquo;abat sur Lannilis. (Photo Quentin Rouill\u00e9)<\/p>\n","protected":false},"excerpt":{"rendered":"Le 11 mai 2025 \u00e0 09h27, modifi\u00e9 le 11 mai 2025 \u00e0 12h09 Avec la pr\u00e9sence de huit&hellip;\n","protected":false},"author":2,"featured_media":91552,"comment_status":"","ping_status":"","sticky":false,"template":"","format":"standard","meta":{"footnotes":""},"categories":[1411],"tags":[11,1154,207,765,3166,1011,27,12174,2427,60,18764,19282],"class_list":{"0":"post-91551","1":"post","2":"type-post","3":"status-publish","4":"format-standard","5":"has-post-thumbnail","7":"category-cyclisme","8":"tag-actualites","9":"tag-cycling","10":"tag-cyclisme","11":"tag-en-continu","12":"tag-en-continu-sports","13":"tag-fr","14":"tag-france","15":"tag-lannilis","16":"tag-professionnels","17":"tag-sports","18":"tag-tro-bro-leon","19":"tag-valentin-madouas"},"share_on_mastodon":{"url":"https:\/\/pubeurope.com\/@fr\/114488672501009045","error":""},"_links":{"self":[{"href":"https:\/\/www.europesays.com\/fr\/wp-json\/wp\/v2\/posts\/91551","targetHints":{"allow":["GET"]}}],"collection":[{"href":"https:\/\/www.europesays.com\/fr\/wp-json\/wp\/v2\/posts"}],"about":[{"href":"https:\/\/www.europesays.com\/fr\/wp-json\/wp\/v2\/types\/post"}],"author":[{"embeddable":true,"href":"https:\/\/www.europesays.com\/fr\/wp-json\/wp\/v2\/users\/2"}],"replies":[{"embeddable":true,"href":"https:\/\/www.europesays.com\/fr\/wp-json\/wp\/v2\/comments?post=91551"}],"version-history":[{"count":0,"href":"https:\/\/www.europesays.com\/fr\/wp-json\/wp\/v2\/posts\/91551\/revisions"}],"wp:featuredmedia":[{"embeddable":true,"href":"https:\/\/www.europesays.com\/fr\/wp-json\/wp\/v2\/media\/91552"}],"wp:attachment":[{"href":"https:\/\/www.europesays.com\/fr\/wp-json\/wp\/v2\/media?parent=91551"}],"wp:term":[{"taxonomy":"category","embeddable":true,"href":"https:\/\/www.europesays.com\/fr\/wp-json\/wp\/v2\/categories?post=91551"},{"taxonomy":"post_tag","embeddable":true,"href":"https:\/\/www.europesays.com\/fr\/wp-json\/wp\/v2\/tags?post=91551"}],"curies":[{"name":"wp","href":"https:\/\/api.w.org\/{rel}","templated":true}]}}