{"id":91555,"date":"2025-05-11T10:15:16","date_gmt":"2025-05-11T10:15:16","guid":{"rendered":"https:\/\/www.europesays.com\/fr\/91555\/"},"modified":"2025-05-11T10:15:16","modified_gmt":"2025-05-11T10:15:16","slug":"olivier-marchal-autrefois-en-couple-avec-michele-laroque-il-evoque-cette-relation-qui-a-change-sa-vie","status":"publish","type":"post","link":"https:\/\/www.europesays.com\/fr\/91555\/","title":{"rendered":"Olivier Marchal autrefois en couple avec Mich\u00e8le Laroque, il \u00e9voque cette relation qui a chang\u00e9 sa vie"},"content":{"rendered":"<p>Au micro d&rsquo;Europe 1 ce dimanche 11 mai, l&rsquo;acteur et r\u00e9alisateur Olivier Marchal est revenu sur son histoire d&rsquo;amour avec Mich\u00e8le Laroque, qui a \u00e9t\u00e9 d\u00e9terminante dans sa vie.<\/p>\n<p>Ce mercredi 14 mai, les spectateurs du Th\u00e9\u00e2tre de l&rsquo;Oeuvre \u00e0 Paris seront Au plus pr\u00e8s d&rsquo;Olivier Marchal, titre de l&rsquo;entretien-spectacle que l&rsquo;ancien flic devenu acteur, sc\u00e9nariste et <a href=\"https:\/\/www.programme-tv.net\/news\/cinema\/355228-plus-jamais-de-ma-vie-excede-olivier-marchal-prend-une-decision-radicale-apres-son-dernier-tournage-a-paris\/\" data-api-deeplink=\"teleloisirs:\/\/news\/355228\" target=\"_blank\" rel=\"noopener\">r\u00e9alisateur <\/a>donnera. Il \u00e9voquera peut-\u00eatre Mich\u00e8le Laroque qui a eu<a href=\"https:\/\/www.programme-tv.net\/news\/cinema\/246915-olivier-marchal-revient-sur-sa-relation-avec-michele-laroque-elle-ma-fait-repeter-ma-premiere-audition-video\/\" data-api-deeplink=\"teleloisirs:\/\/news\/246915\" target=\"_blank\" rel=\"noopener\"> un r\u00f4le d\u00e9terminant dans sa reconversion<\/a>. \u00ab\u00a0<b>J&rsquo;\u00e9tais flic \u00e0 la section antiterroriste et dans une soir\u00e9e j&rsquo;ai rencontr\u00e9 Mich\u00e8le Laroque qui n&rsquo;\u00e9tait pas connue \u00e0 l&rsquo;\u00e9poque<\/b>, qui commen\u00e7ait [sa carri\u00e8re]\u00a0\u00bb, a confi\u00e9 Olivier Marchal \u00e0 Julia Vignali ce dimanche 11 mai sur Europe 1. <b>\u00ab\u00a0On a eu une petite histoire qui a dur\u00e9 un an\u00a0\u00bb<\/b>, a-t-il pr\u00e9cis\u00e9. Celle qui a donc \u00e9t\u00e9 <a href=\"https:\/\/www.programme-tv.net\/news\/people\/372201-exclu-cest-comme-ma-soeur-olivier-marchal-se-livre-sur-sa-relation-avec-son-ex-femme-catherine-marchal\/\" data-api-deeplink=\"teleloisirs:\/\/news\/372201\" target=\"_blank\" rel=\"noopener\">sa compagne<\/a> pendant un an l&rsquo;a pouss\u00e9 \u00e0 se lancer. \u00ab\u00a0Elle m&rsquo;a dit : &lsquo;Si t&rsquo;essayes pas, tu vas le regretter toute ta vie'\u00a0\u00bb, a-t-il r\u00e9v\u00e9l\u00e9.<\/p>\n<p>Olivier Marchal : cette audition d\u00e9terminante que Mich\u00e8le Laroque l&rsquo;a aid\u00e9 \u00e0 pr\u00e9parer<\/p>\n<p>\u00ab\u00a0Elle m&rsquo;a fait r\u00e9p\u00e9ter une sc\u00e8ne du Misanthrope (de Moli\u00e8re, ndlr) et j&rsquo;ai pass\u00e9 le concours du conservatoire du 10e arrondissement de Paris. Apr\u00e8s, ce n&rsquo;est que du travail et de la chance\u00a0\u00bb, a ajout\u00e9 Olivier Marchal. Ce dernier s&rsquo;\u00e9tait d\u00e9j\u00e0 confi\u00e9 sur <a href=\"https:\/\/www.radiofrance.fr\/franceinfo\/podcasts\/le-monde-d-elodie\/olivier-marchal-se-livre-sur-son-parcours-je-ne-serai-jamais-un-mec-heureux-8870930\" rel=\"nofollow noopener\" target=\"_blank\">franceinfo<\/a> au sujet de ses d\u00e9buts peu glorieux au th\u00e9\u00e2tre, avant m\u00eame de rencontrer la com\u00e9dienne. \u00ab\u00a0Ma premi\u00e8re audition, c&rsquo;\u00e9tait au cours Simon. J&rsquo;\u00e9tais mont\u00e9 sur sc\u00e8ne et je m&rsquo;\u00e9tais fait d\u00e9foncer par la prof qui m&rsquo;avait dit : &lsquo;Vous n&rsquo;avez aucun physique, vous n&rsquo;avez pas de voix et vous n&rsquo;\u00eates surtout pas fait pour ce m\u00e9tier&rsquo;. J&rsquo;\u00e9tais rest\u00e9 deux heures dans ma vieille Coccinelle \u00e0 pleurer\u00a0\u00bb, s&rsquo;\u00e9tait souvenu l&rsquo;homme de 66 ans lundi 5 mai dans l&rsquo;\u00e9mission Le monde d&rsquo;\u00c9lodie.<\/p>\n<p>                        Comment sa rencontre avec Mich\u00e8le Laroque a tout chang\u00e9 pour Olivier Marchal ?<\/p>\n<p>\u00ab\u00a0Apr\u00e8s, c&rsquo;est ma rencontre avec Mich\u00e8le Laroque dans une soir\u00e9e qui m&rsquo;a dit : &lsquo;Tu devrais faire un conservatoire d&rsquo;arrondissement&rsquo;, et notamment le 10e, administr\u00e9 par Jean-Louis Bihoreau, qui a \u00e9t\u00e9 mon papa de th\u00e9\u00e2tre et qui m&rsquo;a dit : &lsquo;Tu \u00e9clateras entre 40 et 50 ans, mais je crois en toi'\u00a0\u00bb, avait confi\u00e9 Olivier Marchal \u00e0 \u00c9lodie Suigo. Cette pr\u00e9diction \u00e9tait juste : il a franchi le cap de la quarantaine au moment de r\u00e9aliser, en 2004, <a href=\"https:\/\/www.programme-tv.net\/news\/cinema\/372153-exclu-je-ne-fais-pas-de-jeunisme-mais-olivier-marchal-cash-sur-une-eventuelle-suite-de-36-quai-des-orfevres\/\" data-api-deeplink=\"teleloisirs:\/\/news\/372153\" target=\"_blank\" rel=\"noopener\">l&rsquo;un de ses plus gros succ\u00e8s : le film 36 quai des Orf\u00e8vres<\/a>.<\/p>\n<p>Article \u00e9crit en collaboration avec 6Medias<\/p>\n","protected":false},"excerpt":{"rendered":"Au micro d&rsquo;Europe 1 ce dimanche 11 mai, l&rsquo;acteur et r\u00e9alisateur Olivier Marchal est revenu sur son histoire&hellip;\n","protected":false},"author":2,"featured_media":91556,"comment_status":"","ping_status":"","sticky":false,"template":"","format":"standard","meta":{"footnotes":""},"categories":[1359],"tags":[244,6924,58,59,1011,27,20271,20270,973,1630],"class_list":{"0":"post-91555","1":"post","2":"type-post","3":"status-publish","4":"format-standard","5":"has-post-thumbnail","7":"category-people","8":"tag-commentaire","9":"tag-couples-de-stars","10":"tag-divertissement","11":"tag-entertainment","12":"tag-fr","13":"tag-france","14":"tag-michu00e8le-laroque","15":"tag-olivier-marchal","16":"tag-people","17":"tag-zapping"},"share_on_mastodon":{"url":"https:\/\/pubeurope.com\/@fr\/114488680793469448","error":""},"_links":{"self":[{"href":"https:\/\/www.europesays.com\/fr\/wp-json\/wp\/v2\/posts\/91555","targetHints":{"allow":["GET"]}}],"collection":[{"href":"https:\/\/www.europesays.com\/fr\/wp-json\/wp\/v2\/posts"}],"about":[{"href":"https:\/\/www.europesays.com\/fr\/wp-json\/wp\/v2\/types\/post"}],"author":[{"embeddable":true,"href":"https:\/\/www.europesays.com\/fr\/wp-json\/wp\/v2\/users\/2"}],"replies":[{"embeddable":true,"href":"https:\/\/www.europesays.com\/fr\/wp-json\/wp\/v2\/comments?post=91555"}],"version-history":[{"count":0,"href":"https:\/\/www.europesays.com\/fr\/wp-json\/wp\/v2\/posts\/91555\/revisions"}],"wp:featuredmedia":[{"embeddable":true,"href":"https:\/\/www.europesays.com\/fr\/wp-json\/wp\/v2\/media\/91556"}],"wp:attachment":[{"href":"https:\/\/www.europesays.com\/fr\/wp-json\/wp\/v2\/media?parent=91555"}],"wp:term":[{"taxonomy":"category","embeddable":true,"href":"https:\/\/www.europesays.com\/fr\/wp-json\/wp\/v2\/categories?post=91555"},{"taxonomy":"post_tag","embeddable":true,"href":"https:\/\/www.europesays.com\/fr\/wp-json\/wp\/v2\/tags?post=91555"}],"curies":[{"name":"wp","href":"https:\/\/api.w.org\/{rel}","templated":true}]}}