{"id":915576,"date":"2026-05-06T18:29:45","date_gmt":"2026-05-06T18:29:45","guid":{"rendered":"https:\/\/www.europesays.com\/fr\/915576\/"},"modified":"2026-05-06T18:29:45","modified_gmt":"2026-05-06T18:29:45","slug":"grece-un-cargo-transportant-3-000-tonnes-de-soude-vers-lukraine-coule-en-mer-egee-les-marins-saufs-2","status":"publish","type":"post","link":"https:\/\/www.europesays.com\/fr\/915576\/","title":{"rendered":"Gr\u00e8ce : Un cargo transportant 3.000 tonnes de soude vers l\u2019Ukraine coule en mer Eg\u00e9e, les marins saufs"},"content":{"rendered":"<p class=\"mb-4 text-lg md:leading-8 break-words\"><strong>naufrage &#8211; Le navire battant pavillon du Vanuatu qui a coul\u00e9 avec sa cargaison de soude voguait en direction de l\u2019Ukraine<\/strong><\/p>\n<p class=\"mb-4 text-lg md:leading-8 break-words\">Un cargo battant pavillon du Vanuatu a coul\u00e9 mercredi pr\u00e8s de l\u2019\u00eele grecque d\u2019Andros en <a data-yga=\"{\" ylinkelement=\"\" href=\"https:\/\/www.20minutes.fr\/monde\/grece\/4199658-20260204-grece-moins-14-migrants-meurent-collision-bateau-celui-gardes-cotes?at_medium=RSS%20feed&amp;at_campaign=ynews&amp;utm_source=yahoo&amp;utm_medium=rss&amp;utm_campaign=news_feed&amp;utm_content=in_article_link\" rel=\"nofollow noopener\" target=\"_blank\" data-ylk=\"elm:link;elmt:article_link;slk:mer Eg\u00e9e;itc:0;sec:content-canvas\" class=\"link \">mer Eg\u00e9e<\/a>, les neufs marins \u00e0 bord, huit Turcs et un Azerba\u00efdjanais, sont sains et saufs, ont indiqu\u00e9 les gardes-c\u00f4tes grecs.<\/p>\n<p class=\"mb-4 text-lg md:leading-8 break-words\">Les neuf marins ont \u00e9t\u00e9 secourus par les garde-c\u00f4tes et transf\u00e9r\u00e9s au centre m\u00e9dical de l\u2019\u00eele. \u00ab\u00a0Ils sont tous sains et saufs\u00a0\u00bb, a indiqu\u00e9 un responsable des garde-c\u00f4tes.<\/p>\n<p>Des mesures pour \u00e9viter la pollution<\/p>\n<p class=\"mb-4 text-lg md:leading-8 break-words\">Transportant 3.000 tonnes de soude, le bateau avait appareill\u00e9 de la Croatie en <a data-yga=\"{\" ylinkelement=\"\" href=\"https:\/\/www.20minutes.fr\/monde\/ukraine\/4081014-20240313-guerre-ukraine-direct-raffinerie-russe-feu-apres-attaque-drone?at_medium=RSS%20feed&amp;at_campaign=ynews&amp;utm_source=yahoo&amp;utm_medium=rss&amp;utm_campaign=news_feed&amp;utm_content=in_article_link\" rel=\"nofollow noopener\" target=\"_blank\" data-ylk=\"elm:link;elmt:article_link;slk:direction de l\u2019Ukraine;itc:0;sec:content-canvas\" class=\"link \">direction de l\u2019Ukraine<\/a>, selon la m\u00eame source.<\/p>\n<p>Publicit\u00e9<\/p>\n<p>Publicit\u00e9<\/p>\n<p>Publicit\u00e9<\/p>\n<p>Publicit\u00e9<\/p>\n<p class=\"mb-4 text-lg md:leading-8 break-words\">Selon les premi\u00e8res informations, le capitaine s\u2019est endormi et le bateau a \u00e9chou\u00e9 \u00e0 0,1 mille nautique des c\u00f4tes de l\u2019<a data-yga=\"{\" ylinkelement=\"\" href=\"https:\/\/www.20minutes.fr\/monde\/grece\/4050357-20230827-grece-centaines-pompiers-toujours-mobilises-contre-incendies?at_medium=RSS%20feed&amp;at_campaign=ynews&amp;utm_source=yahoo&amp;utm_medium=rss&amp;utm_campaign=news_feed&amp;utm_content=in_article_link\" rel=\"nofollow noopener\" target=\"_blank\" data-ylk=\"elm:link;elmt:article_link;slk:\u00eele d\u2019Andros;itc:0;sec:content-canvas\" class=\"link \">\u00eele d\u2019Andros<\/a> avant de couler. Des mesures pour \u00e9viter la pollution ont \u00e9t\u00e9 prises, selon les autorit\u00e9s. Les gardes-c\u00f4tes n\u2019ont pas pour l\u2019instant fourni d\u2019informations sur le nom du cargo ni sur la soci\u00e9t\u00e9 d\u2019exploitation.<\/p>\n<p class=\"mb-4 text-lg md:leading-8 break-words\"><a data-yga=\"{\" ylinkelement=\"\" href=\"https:\/\/www.20minutes.fr\/monde\/ukraine\/4222305-20260506-grece-cargo-transportant-3-000-tonnes-soude-vers-ukraine-coule-mer-egee-marins-saufs?at_medium=RSS%20feed&amp;at_campaign=ynews&amp;utm_source=yahoo&amp;utm_medium=rss&amp;utm_campaign=news_feed&amp;utm_content=read_more_link&quot;\" rel=\"nofollow noopener\" target=\"_blank\" data-ylk=\"elm:link;elmt:article_link;slk:Lire la suite sur 20minutes;itc:0;sec:content-canvas\" class=\"link \">Lire la suite sur 20minutes<\/a><\/p>\n<p>\u00c0 lire aussi :<br \/><a data-yga=\"{\" ylinkelement=\"\" href=\"https:\/\/www.20minutes.fr\/monde\/4212203-20260317-bateau-agence-europeenne-surveillance-frontieres-frontex-coule-mediterranee?at_medium=RSS%20feed&amp;at_campaign=ynews&amp;utm_source=yahoo&amp;utm_medium=rss&amp;utm_campaign=news_feed&amp;utm_content=related_content_link\" rel=\"nofollow noopener\" target=\"_blank\" data-ylk=\"elm:link;elmt:article_link;slk:Un bateau de l\u2019agence europ\u00e9enne de surveillance des fronti\u00e8res Frontex a coul\u00e9 en M\u00e9diterran\u00e9e;itc:0;sec:content-canvas\" class=\"link \">Un bateau de l\u2019agence europ\u00e9enne de surveillance des fronti\u00e8res Frontex a coul\u00e9 en M\u00e9diterran\u00e9e<\/a><br \/><a data-yga=\"{\" ylinkelement=\"\" href=\"https:\/\/www.20minutes.fr\/planete\/1887891-20160712-grece-quarantaine-epaves-decouvertes-deux-ans-mer-egee?at_medium=RSS%20feed&amp;at_campaign=ynews&amp;utm_source=yahoo&amp;utm_medium=rss&amp;utm_campaign=news_feed&amp;utm_content=related_content_link\" rel=\"nofollow noopener\" target=\"_blank\" data-ylk=\"elm:link;elmt:article_link;slk:Gr\u00e8ce: Une quarantaine d&#039;\u00e9paves d\u00e9couvertes en deux ans en mer Eg\u00e9e;itc:0;sec:content-canvas\" class=\"link \">Gr\u00e8ce: Une quarantaine d&rsquo;\u00e9paves d\u00e9couvertes en deux ans en mer Eg\u00e9e<\/a><\/p>\n","protected":false},"excerpt":{"rendered":"naufrage &#8211; Le navire battant pavillon du Vanuatu qui a coul\u00e9 avec sa cargaison de soude voguait en&hellip;\n","protected":false},"author":2,"featured_media":915577,"comment_status":"","ping_status":"","sticky":false,"template":"","format":"standard","meta":{"footnotes":"","_share_on_mastodon":"0"},"categories":[1590],"tags":[11,1777,674,12,97683,220,97682],"class_list":["post-915576","post","type-post","status-publish","format-standard","has-post-thumbnail","category-ukraine","tag-actualites","tag-eu","tag-europe","tag-news","tag-soude","tag-ukraine","tag-vanuatu"],"share_on_mastodon":{"url":"https:\/\/pubeurope.com\/@fr\/116529054908013474","error":""},"_links":{"self":[{"href":"https:\/\/www.europesays.com\/fr\/wp-json\/wp\/v2\/posts\/915576","targetHints":{"allow":["GET"]}}],"collection":[{"href":"https:\/\/www.europesays.com\/fr\/wp-json\/wp\/v2\/posts"}],"about":[{"href":"https:\/\/www.europesays.com\/fr\/wp-json\/wp\/v2\/types\/post"}],"author":[{"embeddable":true,"href":"https:\/\/www.europesays.com\/fr\/wp-json\/wp\/v2\/users\/2"}],"replies":[{"embeddable":true,"href":"https:\/\/www.europesays.com\/fr\/wp-json\/wp\/v2\/comments?post=915576"}],"version-history":[{"count":0,"href":"https:\/\/www.europesays.com\/fr\/wp-json\/wp\/v2\/posts\/915576\/revisions"}],"wp:featuredmedia":[{"embeddable":true,"href":"https:\/\/www.europesays.com\/fr\/wp-json\/wp\/v2\/media\/915577"}],"wp:attachment":[{"href":"https:\/\/www.europesays.com\/fr\/wp-json\/wp\/v2\/media?parent=915576"}],"wp:term":[{"taxonomy":"category","embeddable":true,"href":"https:\/\/www.europesays.com\/fr\/wp-json\/wp\/v2\/categories?post=915576"},{"taxonomy":"post_tag","embeddable":true,"href":"https:\/\/www.europesays.com\/fr\/wp-json\/wp\/v2\/tags?post=915576"}],"curies":[{"name":"wp","href":"https:\/\/api.w.org\/{rel}","templated":true}]}}